{"id":6211,"date":"2023-06-26T10:39:41","date_gmt":"2023-06-26T08:39:41","guid":{"rendered":"https:\/\/agora.xtec.cat\/ceip-antoni-gaudi\/?p=6211"},"modified":"2023-06-26T10:46:36","modified_gmt":"2023-06-26T08:46:36","slug":"activitats-final-de-curs-de-la-comunitat-de-mitjans-1rs-2n-i-3rs","status":"publish","type":"post","link":"https:\/\/agora.xtec.cat\/ceip-antoni-gaudi\/portada\/activitats-final-de-curs-de-la-comunitat-de-mitjans-1rs-2n-i-3rs\/","title":{"rendered":"Activitats Final de Curs de la Comunitat de Mitjans (1rs, 2n i 3rs)"},"content":{"rendered":"<p>Benvolgudes fam\u00edlies,<\/p>\n<p>La darrera setmana de l&#8217;escola va ser una setmana diferent, especial, plena d&#8217;activitats l\u00fadiques i emocions al veure tan a prop el final d&#8217;aquest curs. Cliqueu les respectives imatges per accedir als \u00e0lbums corresponents.<\/p>\n<p>Ara arriben les vacances: temps d&#8217;esbarjo i descans; temps per a passejar i jugar a la piscina; temps per a estar amb els nostres \u00e9ssers m\u00e9s estimats&#8230; Les\/els mestres de la comunitat de mitjans volem desitjar-vos que passeu unes vacances genials i inoblidables i que quan ens tornem a veure al setembre ens expliqueu un munt de coses amb un gran somriure a la cara. Ha estat un plaer haver compartit un petit tros del vostre cam\u00ed i esperem que serveixi, encara que nom\u00e9s sigui una mica, per a que trobeu la felicitat en tot all\u00f2 que feu i compartiu.<\/p>\n<p>Infinites gr\u00e0cies, nois i noies!!<\/p>\n<p>Un pet\u00f3 ben gran de les\/els mestres de Mitjans.<\/p>\n<figure class=\"figure wp-caption alignleft\"><a href=\"https:\/\/photos.app.goo.gl\/j8hW272G5ihmgAgk8\" target=\"_blank\" rel=\"noopener\"><img loading=\"lazy\" decoding=\"async\" class=\"wp-image-6212 size-thumbnail\" title=\"SOBRE RODES\" src=\"https:\/\/agora.xtec.cat\/ceip-antoni-gaudi\/wp-content\/uploads\/usu683\/2023\/06\/20230621_095301-150x150.jpg\" alt=\"SOBRE RODES\" width=\"150\" height=\"150\" \/><\/a><figcaption class=\"wp-caption-text\">SOBRE RODES<\/figcaption><\/figure>\n<figure class=\"figure wp-caption alignleft\"><a href=\"https:\/\/photos.app.goo.gl\/B2QrTk95gwbZobPv8\" target=\"_blank\" rel=\"noopener\"><img loading=\"lazy\" decoding=\"async\" class=\"wp-image-6213 size-thumbnail\" title=\"JORNADA ESPORTIVA\" src=\"https:\/\/agora.xtec.cat\/ceip-antoni-gaudi\/wp-content\/uploads\/usu683\/2023\/06\/20230620_101003-150x150.jpg\" alt=\"JORNADA ESPORTIVA\" width=\"150\" height=\"150\" \/><\/a><figcaption class=\"wp-caption-text\">JORNADA ESPORTIVA<\/figcaption><\/figure>\n<figure class=\"figure wp-caption alignleft\"><a href=\"https:\/\/photos.app.goo.gl\/9qZ638fMSN3VMYER9\" target=\"_blank\" rel=\"noopener\"><img loading=\"lazy\" decoding=\"async\" class=\"wp-image-6214 size-thumbnail\" src=\"https:\/\/agora.xtec.cat\/ceip-antoni-gaudi\/wp-content\/uploads\/usu683\/2023\/06\/IMG-20230619-WA0033-150x150.jpg\" alt=\"DIA DE LA CI\u00c8NCIA\" width=\"150\" height=\"150\" \/><\/a><figcaption class=\"wp-caption-text\">DIA DE LA CI\u00c8NCIA<\/figcaption><\/figure>\n<figure class=\"figure wp-caption alignleft\"><a href=\"https:\/\/photos.app.goo.gl\/rFvP4yowVgje83Ji8\" target=\"_blank\" rel=\"noopener\"><img loading=\"lazy\" decoding=\"async\" class=\"wp-image-6215 size-thumbnail\" src=\"https:\/\/agora.xtec.cat\/ceip-antoni-gaudi\/wp-content\/uploads\/usu683\/2023\/06\/IMG-20230621-WA0040-150x150.jpg\" alt=\"TORNEIG D'ESCACS\" width=\"150\" height=\"150\" \/><\/a><figcaption class=\"wp-caption-text\">TORNEIG D&#8217;ESCACS<\/figcaption><\/figure>\n","protected":false},"excerpt":{"rendered":"<p>Benvolgudes fam\u00edlies,<br \/>\nLa darrera setmana de l&#8217;escola va ser una setmana diferent, especial, plena d&#8217;activitats l\u00fadiques i emocions al veure tan a prop el final d&#8217;aquest curs. Cliqueu les respectives imatges per accedir als \u00e0lbums corresponents.<br \/>\nAra arriben les vacances: temps d&#8217;esbarjo i descans; temps per a&hellip;  <a href=\"https:\/\/agora.xtec.cat\/ceip-antoni-gaudi\/portada\/activitats-final-de-curs-de-la-comunitat-de-mitjans-1rs-2n-i-3rs\/\" title=\"Read Activitats Final de Curs de la Comunitat de Mitjans (1rs, 2n i 3rs)\">Llegeix m\u00e9s\u00bb<\/a><\/p>\n","protected":false},"author":4,"featured_media":0,"comment_status":"open","ping_status":"closed","sticky":false,"template":"","format":"standard","meta":{"_bbp_topic_count":0,"_bbp_reply_count":0,"_bbp_total_topic_count":0,"_bbp_total_reply_count":0,"_bbp_voice_count":0,"_bbp_anonymous_reply_count":0,"_bbp_topic_count_hidden":0,"_bbp_reply_count_hidden":0,"_bbp_forum_subforum_count":0,"footnotes":""},"categories":[10,11,12,4,5],"tags":[],"class_list":["post-6211","post","type-post","status-publish","format-standard","hentry","category-p1","category-p2","category-p3","category-portada","category-primaria"],"post_mailing_queue_ids":[],"_links":{"self":[{"href":"https:\/\/agora.xtec.cat\/ceip-antoni-gaudi\/wp-json\/wp\/v2\/posts\/6211","targetHints":{"allow":["GET"]}}],"collection":[{"href":"https:\/\/agora.xtec.cat\/ceip-antoni-gaudi\/wp-json\/wp\/v2\/posts"}],"about":[{"href":"https:\/\/agora.xtec.cat\/ceip-antoni-gaudi\/wp-json\/wp\/v2\/types\/post"}],"author":[{"embeddable":true,"href":"https:\/\/agora.xtec.cat\/ceip-antoni-gaudi\/wp-json\/wp\/v2\/users\/4"}],"replies":[{"embeddable":true,"href":"https:\/\/agora.xtec.cat\/ceip-antoni-gaudi\/wp-json\/wp\/v2\/comments?post=6211"}],"version-history":[{"count":3,"href":"https:\/\/agora.xtec.cat\/ceip-antoni-gaudi\/wp-json\/wp\/v2\/posts\/6211\/revisions"}],"predecessor-version":[{"id":6220,"href":"https:\/\/agora.xtec.cat\/ceip-antoni-gaudi\/wp-json\/wp\/v2\/posts\/6211\/revisions\/6220"}],"wp:attachment":[{"href":"https:\/\/agora.xtec.cat\/ceip-antoni-gaudi\/wp-json\/wp\/v2\/media?parent=6211"}],"wp:term":[{"taxonomy":"category","embeddable":true,"href":"https:\/\/agora.xtec.cat\/ceip-antoni-gaudi\/wp-json\/wp\/v2\/categories?post=6211"},{"taxonomy":"post_tag","embeddable":true,"href":"https:\/\/agora.xtec.cat\/ceip-antoni-gaudi\/wp-json\/wp\/v2\/tags?post=6211"}],"curies":[{"name":"wp","href":"https:\/\/api.w.org\/{rel}","templated":true}]}}