{"id":6207,"date":"2023-06-29T09:10:34","date_gmt":"2023-06-29T07:10:34","guid":{"rendered":"https:\/\/agora.xtec.cat\/ceip-antoni-gaudi\/?p=6207"},"modified":"2023-06-29T09:10:34","modified_gmt":"2023-06-29T07:10:34","slug":"dia-de-la-ciencia-i-les-matematiques","status":"publish","type":"post","link":"https:\/\/agora.xtec.cat\/ceip-antoni-gaudi\/general\/dia-de-la-ciencia-i-les-matematiques\/","title":{"rendered":"Dia de la ci\u00e8ncia i les matem\u00e0tiques."},"content":{"rendered":"<p>Avui l&#8217;alumnat de 4t i 5\u00e8 ha dedicat el dia a la ci\u00e8ncia i a les matem\u00e0tiques. Durant el mat\u00ed han realitzat diferents experiments a l&#8217;aula i al pati, aix\u00ed han pogut observar diferents reaccions cient\u00edfiques. A m\u00e9s els infants de 4t han participat en una gimcana matem\u00e0tica on havien de superar diverses proves relacionades amb la mat\u00e8ria. L&#8217;alumnat de 5\u00e8 ha posat en pr\u00e0ctica tot el que ha apr\u00e8s durant el curs jugant a diversos jocs de taula.<\/p>\n<p>Cliqueu per veure les fotografies.<\/p>\n<table style=\"width: 64.4317%; border-collapse: collapse; border-style: none;\">\n<tbody>\n<tr>\n<td style=\"width: 35.3409%; border-style: none;\"><a href=\"https:\/\/photos.app.goo.gl\/2kFkDYSmCNDuaeDs8\"><img loading=\"lazy\" decoding=\"async\" class=\"alignnone size-medium wp-image-5044\" src=\"https:\/\/agora.xtec.cat\/ceip-antoni-gaudi\/wp-content\/uploads\/usu683\/2022\/10\/Diseno-sin-titulo-1-212x300.png\" alt=\"\" width=\"212\" height=\"300\" srcset=\"https:\/\/agora.xtec.cat\/ceip-antoni-gaudi\/wp-content\/uploads\/usu683\/2022\/10\/Diseno-sin-titulo-1-212x300.png 212w, https:\/\/agora.xtec.cat\/ceip-antoni-gaudi\/wp-content\/uploads\/usu683\/2022\/10\/Diseno-sin-titulo-1-724x1024.png 724w, https:\/\/agora.xtec.cat\/ceip-antoni-gaudi\/wp-content\/uploads\/usu683\/2022\/10\/Diseno-sin-titulo-1-768x1086.png 768w, https:\/\/agora.xtec.cat\/ceip-antoni-gaudi\/wp-content\/uploads\/usu683\/2022\/10\/Diseno-sin-titulo-1-1086x1536.png 1086w, https:\/\/agora.xtec.cat\/ceip-antoni-gaudi\/wp-content\/uploads\/usu683\/2022\/10\/Diseno-sin-titulo-1.png 1414w\" sizes=\"auto, (max-width: 212px) 100vw, 212px\" \/><\/a><\/td>\n<td style=\"width: 29.0909%; border-style: none;\"><a href=\"https:\/\/photos.app.goo.gl\/MD6dBaHA7mnU6PVE9\"><img loading=\"lazy\" decoding=\"async\" class=\"alignnone size-medium wp-image-5043\" src=\"https:\/\/agora.xtec.cat\/ceip-antoni-gaudi\/wp-content\/uploads\/usu683\/2022\/10\/e-1-212x300.png\" alt=\"\" width=\"212\" height=\"300\" srcset=\"https:\/\/agora.xtec.cat\/ceip-antoni-gaudi\/wp-content\/uploads\/usu683\/2022\/10\/e-1-212x300.png 212w, https:\/\/agora.xtec.cat\/ceip-antoni-gaudi\/wp-content\/uploads\/usu683\/2022\/10\/e-1-724x1024.png 724w, https:\/\/agora.xtec.cat\/ceip-antoni-gaudi\/wp-content\/uploads\/usu683\/2022\/10\/e-1-768x1086.png 768w, https:\/\/agora.xtec.cat\/ceip-antoni-gaudi\/wp-content\/uploads\/usu683\/2022\/10\/e-1-1086x1536.png 1086w, https:\/\/agora.xtec.cat\/ceip-antoni-gaudi\/wp-content\/uploads\/usu683\/2022\/10\/e-1.png 1414w\" sizes=\"auto, (max-width: 212px) 100vw, 212px\" \/><\/a><\/td>\n<\/tr>\n<\/tbody>\n<\/table>\n","protected":false},"excerpt":{"rendered":"<p>Avui l&#8217;alumnat de 4t i 5\u00e8 ha dedicat el dia a la ci\u00e8ncia i a les matem\u00e0tiques. Durant el mat\u00ed han realitzat diferents experiments a l&#8217;aula i al pati, aix\u00ed han pogut observar diferents reaccions cient\u00edfiques. A m\u00e9s els infants de 4t han participat en&hellip;  <a href=\"https:\/\/agora.xtec.cat\/ceip-antoni-gaudi\/general\/dia-de-la-ciencia-i-les-matematiques\/\" title=\"Read Dia de la ci\u00e8ncia i les matem\u00e0tiques.\">Llegeix m\u00e9s\u00bb<\/a><\/p>\n","protected":false},"author":5,"featured_media":0,"comment_status":"open","ping_status":"closed","sticky":false,"template":"","format":"standard","meta":{"_bbp_topic_count":0,"_bbp_reply_count":0,"_bbp_total_topic_count":0,"_bbp_total_reply_count":0,"_bbp_voice_count":0,"_bbp_anonymous_reply_count":0,"_bbp_topic_count_hidden":0,"_bbp_reply_count_hidden":0,"_bbp_forum_subforum_count":0,"footnotes":""},"categories":[1,13,14,4,229,5],"tags":[],"class_list":["post-6207","post","type-post","status-publish","format-standard","hentry","category-general","category-p4","category-p5","category-portada","category-portada-portada","category-primaria"],"post_mailing_queue_ids":[],"_links":{"self":[{"href":"https:\/\/agora.xtec.cat\/ceip-antoni-gaudi\/wp-json\/wp\/v2\/posts\/6207","targetHints":{"allow":["GET"]}}],"collection":[{"href":"https:\/\/agora.xtec.cat\/ceip-antoni-gaudi\/wp-json\/wp\/v2\/posts"}],"about":[{"href":"https:\/\/agora.xtec.cat\/ceip-antoni-gaudi\/wp-json\/wp\/v2\/types\/post"}],"author":[{"embeddable":true,"href":"https:\/\/agora.xtec.cat\/ceip-antoni-gaudi\/wp-json\/wp\/v2\/users\/5"}],"replies":[{"embeddable":true,"href":"https:\/\/agora.xtec.cat\/ceip-antoni-gaudi\/wp-json\/wp\/v2\/comments?post=6207"}],"version-history":[{"count":3,"href":"https:\/\/agora.xtec.cat\/ceip-antoni-gaudi\/wp-json\/wp\/v2\/posts\/6207\/revisions"}],"predecessor-version":[{"id":6210,"href":"https:\/\/agora.xtec.cat\/ceip-antoni-gaudi\/wp-json\/wp\/v2\/posts\/6207\/revisions\/6210"}],"wp:attachment":[{"href":"https:\/\/agora.xtec.cat\/ceip-antoni-gaudi\/wp-json\/wp\/v2\/media?parent=6207"}],"wp:term":[{"taxonomy":"category","embeddable":true,"href":"https:\/\/agora.xtec.cat\/ceip-antoni-gaudi\/wp-json\/wp\/v2\/categories?post=6207"},{"taxonomy":"post_tag","embeddable":true,"href":"https:\/\/agora.xtec.cat\/ceip-antoni-gaudi\/wp-json\/wp\/v2\/tags?post=6207"}],"curies":[{"name":"wp","href":"https:\/\/api.w.org\/{rel}","templated":true}]}}