{"id":6195,"date":"2023-06-16T23:52:50","date_gmt":"2023-06-16T21:52:50","guid":{"rendered":"https:\/\/agora.xtec.cat\/ceip-antoni-gaudi\/?p=6195"},"modified":"2023-06-16T23:52:50","modified_gmt":"2023-06-16T21:52:50","slug":"mitjans-anem-a-gurb-1rs-2n-i-3rs","status":"publish","type":"post","link":"https:\/\/agora.xtec.cat\/ceip-antoni-gaudi\/portada\/mitjans-anem-a-gurb-1rs-2n-i-3rs\/","title":{"rendered":"Mitjans anem a Gurb (1rs, 2n i 3rs)"},"content":{"rendered":"<p>Avui hem anat al bosc encantat de Sant Andreu de Gurb i hem descobert un indret m\u00e0gic per passejar, gaudir i aprendre a estimar la natura. All\u00e0 hem realitzat una gimcana relacionada amb el m\u00f3n dels contes on hem hagut de ser creatius i observadors. Cliqueu la imatge per a descobrir amb nosaltres &#8220;El bosc encantat de Gurb&#8221;<\/p>\n<p><a href=\"https:\/\/photos.app.goo.gl\/oHFTRAYXdTWmpx758\" target=\"_blank\" rel=\"noopener\"><img loading=\"lazy\" decoding=\"async\" src=\"https:\/\/agora.xtec.cat\/ceip-antoni-gaudi\/wp-content\/uploads\/usu683\/2023\/06\/IMG-20230616-WA0001-300x225.jpg\" alt=\"\" width=\"300\" height=\"225\" \/><\/a><\/p>\n","protected":false},"excerpt":{"rendered":"<p>Avui hem anat al bosc encantat de Sant Andreu de Gurb i hem descobert un indret m\u00e0gic per passejar, gaudir i aprendre a estimar la natura. All\u00e0 hem realitzat una gimcana relacionada amb el m\u00f3n dels contes on hem hagut de ser creatius i observadors.&hellip;  <a href=\"https:\/\/agora.xtec.cat\/ceip-antoni-gaudi\/portada\/mitjans-anem-a-gurb-1rs-2n-i-3rs\/\" title=\"Read Mitjans anem a Gurb (1rs, 2n i 3rs)\">Llegeix m\u00e9s\u00bb<\/a><\/p>\n","protected":false},"author":4,"featured_media":0,"comment_status":"open","ping_status":"closed","sticky":false,"template":"","format":"standard","meta":{"_bbp_topic_count":0,"_bbp_reply_count":0,"_bbp_total_topic_count":0,"_bbp_total_reply_count":0,"_bbp_voice_count":0,"_bbp_anonymous_reply_count":0,"_bbp_topic_count_hidden":0,"_bbp_reply_count_hidden":0,"_bbp_forum_subforum_count":0,"footnotes":""},"categories":[10,11,12,4,5],"tags":[],"class_list":["post-6195","post","type-post","status-publish","format-standard","hentry","category-p1","category-p2","category-p3","category-portada","category-primaria"],"post_mailing_queue_ids":[],"_links":{"self":[{"href":"https:\/\/agora.xtec.cat\/ceip-antoni-gaudi\/wp-json\/wp\/v2\/posts\/6195","targetHints":{"allow":["GET"]}}],"collection":[{"href":"https:\/\/agora.xtec.cat\/ceip-antoni-gaudi\/wp-json\/wp\/v2\/posts"}],"about":[{"href":"https:\/\/agora.xtec.cat\/ceip-antoni-gaudi\/wp-json\/wp\/v2\/types\/post"}],"author":[{"embeddable":true,"href":"https:\/\/agora.xtec.cat\/ceip-antoni-gaudi\/wp-json\/wp\/v2\/users\/4"}],"replies":[{"embeddable":true,"href":"https:\/\/agora.xtec.cat\/ceip-antoni-gaudi\/wp-json\/wp\/v2\/comments?post=6195"}],"version-history":[{"count":1,"href":"https:\/\/agora.xtec.cat\/ceip-antoni-gaudi\/wp-json\/wp\/v2\/posts\/6195\/revisions"}],"predecessor-version":[{"id":6197,"href":"https:\/\/agora.xtec.cat\/ceip-antoni-gaudi\/wp-json\/wp\/v2\/posts\/6195\/revisions\/6197"}],"wp:attachment":[{"href":"https:\/\/agora.xtec.cat\/ceip-antoni-gaudi\/wp-json\/wp\/v2\/media?parent=6195"}],"wp:term":[{"taxonomy":"category","embeddable":true,"href":"https:\/\/agora.xtec.cat\/ceip-antoni-gaudi\/wp-json\/wp\/v2\/categories?post=6195"},{"taxonomy":"post_tag","embeddable":true,"href":"https:\/\/agora.xtec.cat\/ceip-antoni-gaudi\/wp-json\/wp\/v2\/tags?post=6195"}],"curies":[{"name":"wp","href":"https:\/\/api.w.org\/{rel}","templated":true}]}}