{"id":6187,"date":"2023-06-19T09:15:08","date_gmt":"2023-06-19T07:15:08","guid":{"rendered":"https:\/\/agora.xtec.cat\/ceip-antoni-gaudi\/?p=6187"},"modified":"2023-06-19T09:15:08","modified_gmt":"2023-06-19T07:15:08","slug":"tanquem-el-curs-a-la-natura","status":"publish","type":"post","link":"https:\/\/agora.xtec.cat\/ceip-antoni-gaudi\/general\/tanquem-el-curs-a-la-natura\/","title":{"rendered":"Tanquem el curs a la natura!"},"content":{"rendered":"<p>El divendres 16 de juny, l&#8217;alumnat de 4rt de prim\u00e0ria hem fet un tancament del curs aprofitant l&#8217;entorn de l&#8217;escola. Primer hem gaudit d&#8217;una caminada conjunta pels voltants, fent uns jocs sobre endevinalles, embarbussaments i poemes relacionats amb les flors.<\/p>\n<p>Seguidament, en petits grups, hem estat fent un resum del curs. Per mesos, hem seleccionat aquelles activitats, tallers i sortides fetes per despr\u00e9s posar-les en com\u00fa entre tots.<\/p>\n<p>Per acabar, aprofitant que al municipi han fet canvis en alguns parcs municipals, hem estat jugant en un d&#8217;ells, al parc de la\u00a0 Pla\u00e7a de la Uni\u00f3. Teniu m\u00e9s imatges fent clic a la foto.<a href=\"https:\/\/photos.app.goo.gl\/aXXhgzbBPasT7Yxp7\"><img loading=\"lazy\" decoding=\"async\" class=\"alignnone size-medium wp-image-6205\" src=\"https:\/\/agora.xtec.cat\/ceip-antoni-gaudi\/wp-content\/uploads\/usu683\/2023\/06\/foto-parc-300x245.jpg\" alt=\"\" width=\"300\" height=\"245\" srcset=\"https:\/\/agora.xtec.cat\/ceip-antoni-gaudi\/wp-content\/uploads\/usu683\/2023\/06\/foto-parc-300x245.jpg 300w, https:\/\/agora.xtec.cat\/ceip-antoni-gaudi\/wp-content\/uploads\/usu683\/2023\/06\/foto-parc-1024x836.jpg 1024w, https:\/\/agora.xtec.cat\/ceip-antoni-gaudi\/wp-content\/uploads\/usu683\/2023\/06\/foto-parc-768x627.jpg 768w, https:\/\/agora.xtec.cat\/ceip-antoni-gaudi\/wp-content\/uploads\/usu683\/2023\/06\/foto-parc-1536x1254.jpg 1536w, https:\/\/agora.xtec.cat\/ceip-antoni-gaudi\/wp-content\/uploads\/usu683\/2023\/06\/foto-parc.jpg 1886w\" sizes=\"auto, (max-width: 300px) 100vw, 300px\" \/><\/a><\/p>\n","protected":false},"excerpt":{"rendered":"<p>El divendres 16 de juny, l&#8217;alumnat de 4rt de prim\u00e0ria hem fet un tancament del curs aprofitant l&#8217;entorn de l&#8217;escola. Primer hem gaudit d&#8217;una caminada conjunta pels voltants, fent uns jocs sobre endevinalles, embarbussaments i poemes relacionats amb les flors.<br \/>\nSeguidament, en petits grups, hem estat&hellip;  <a href=\"https:\/\/agora.xtec.cat\/ceip-antoni-gaudi\/general\/tanquem-el-curs-a-la-natura\/\" title=\"Read Tanquem el curs a la natura!\">Llegeix m\u00e9s\u00bb<\/a><\/p>\n","protected":false},"author":5,"featured_media":0,"comment_status":"open","ping_status":"closed","sticky":false,"template":"","format":"standard","meta":{"_bbp_topic_count":0,"_bbp_reply_count":0,"_bbp_total_topic_count":0,"_bbp_total_reply_count":0,"_bbp_voice_count":0,"_bbp_anonymous_reply_count":0,"_bbp_topic_count_hidden":0,"_bbp_reply_count_hidden":0,"_bbp_forum_subforum_count":0,"footnotes":""},"categories":[1,13,4,229,5],"tags":[],"class_list":["post-6187","post","type-post","status-publish","format-standard","hentry","category-general","category-p4","category-portada","category-portada-portada","category-primaria"],"post_mailing_queue_ids":[],"_links":{"self":[{"href":"https:\/\/agora.xtec.cat\/ceip-antoni-gaudi\/wp-json\/wp\/v2\/posts\/6187","targetHints":{"allow":["GET"]}}],"collection":[{"href":"https:\/\/agora.xtec.cat\/ceip-antoni-gaudi\/wp-json\/wp\/v2\/posts"}],"about":[{"href":"https:\/\/agora.xtec.cat\/ceip-antoni-gaudi\/wp-json\/wp\/v2\/types\/post"}],"author":[{"embeddable":true,"href":"https:\/\/agora.xtec.cat\/ceip-antoni-gaudi\/wp-json\/wp\/v2\/users\/5"}],"replies":[{"embeddable":true,"href":"https:\/\/agora.xtec.cat\/ceip-antoni-gaudi\/wp-json\/wp\/v2\/comments?post=6187"}],"version-history":[{"count":3,"href":"https:\/\/agora.xtec.cat\/ceip-antoni-gaudi\/wp-json\/wp\/v2\/posts\/6187\/revisions"}],"predecessor-version":[{"id":6206,"href":"https:\/\/agora.xtec.cat\/ceip-antoni-gaudi\/wp-json\/wp\/v2\/posts\/6187\/revisions\/6206"}],"wp:attachment":[{"href":"https:\/\/agora.xtec.cat\/ceip-antoni-gaudi\/wp-json\/wp\/v2\/media?parent=6187"}],"wp:term":[{"taxonomy":"category","embeddable":true,"href":"https:\/\/agora.xtec.cat\/ceip-antoni-gaudi\/wp-json\/wp\/v2\/categories?post=6187"},{"taxonomy":"post_tag","embeddable":true,"href":"https:\/\/agora.xtec.cat\/ceip-antoni-gaudi\/wp-json\/wp\/v2\/tags?post=6187"}],"curies":[{"name":"wp","href":"https:\/\/api.w.org\/{rel}","templated":true}]}}