{"id":6178,"date":"2023-06-16T13:30:08","date_gmt":"2023-06-16T11:30:08","guid":{"rendered":"https:\/\/agora.xtec.cat\/ceip-antoni-gaudi\/?p=6178"},"modified":"2023-06-16T13:30:08","modified_gmt":"2023-06-16T11:30:08","slug":"aquesta-setmana-coneixem-el-rap","status":"publish","type":"post","link":"https:\/\/agora.xtec.cat\/ceip-antoni-gaudi\/general\/aquesta-setmana-coneixem-el-rap\/","title":{"rendered":"Aquesta setmana coneixem el RAP."},"content":{"rendered":"<p>Durant aquesta setmana l&#8217;alumnat de 5\u00e8 i 6\u00e8 han pogut participar en un taller de RAP.<br \/>\nPrimer han descobert una mica la hist\u00f2ria del RAP, seguidament han comen\u00e7at a familiaritzar-se amb els tempos, cosa que no ha estat tan f\u00e0cil com pensaven.<br \/>\nDespr\u00e9s per acabar de perdre la vergonya han fet batalles de RAP entre ells, amb uns versos ja creats i un tempo establert.<br \/>\nFinalment, han creat la seva pr\u00f2pia can\u00e7\u00f3 fent servir la imaginaci\u00f3 i la creativitat per treure tot l&#8217;art del seu interior. Abans de comen\u00e7ar a crear s&#8217;han fet unes reflexions molt bones que han portat a uns resultats fant\u00e0stics fent refer\u00e8ncia al racisme, a la igualtat de g\u00e8nere, el bullying, i el canvi clim\u00e0tic.<\/p>\n<p>Cliqueu per veure fotos i v\u00eddeos.<br \/>\n<a href=\"https:\/\/photos.app.goo.gl\/W1ZqWFibYfysiBTL8\"><img loading=\"lazy\" decoding=\"async\" class=\"alignnone size-medium wp-image-6190\" src=\"https:\/\/agora.xtec.cat\/ceip-antoni-gaudi\/wp-content\/uploads\/usu683\/2023\/06\/IMG_20230616_091429-300x225.jpg\" alt=\"\" width=\"300\" height=\"225\" srcset=\"https:\/\/agora.xtec.cat\/ceip-antoni-gaudi\/wp-content\/uploads\/usu683\/2023\/06\/IMG_20230616_091429-300x225.jpg 300w, https:\/\/agora.xtec.cat\/ceip-antoni-gaudi\/wp-content\/uploads\/usu683\/2023\/06\/IMG_20230616_091429-1024x768.jpg 1024w, https:\/\/agora.xtec.cat\/ceip-antoni-gaudi\/wp-content\/uploads\/usu683\/2023\/06\/IMG_20230616_091429-768x576.jpg 768w, https:\/\/agora.xtec.cat\/ceip-antoni-gaudi\/wp-content\/uploads\/usu683\/2023\/06\/IMG_20230616_091429-1536x1152.jpg 1536w, https:\/\/agora.xtec.cat\/ceip-antoni-gaudi\/wp-content\/uploads\/usu683\/2023\/06\/IMG_20230616_091429-2048x1536.jpg 2048w, https:\/\/agora.xtec.cat\/ceip-antoni-gaudi\/wp-content\/uploads\/usu683\/2023\/06\/IMG_20230616_091429-200x150.jpg 200w\" sizes=\"auto, (max-width: 300px) 100vw, 300px\" \/><\/a><\/p>\n<p>&nbsp;<\/p>\n","protected":false},"excerpt":{"rendered":"<p>Durant aquesta setmana l&#8217;alumnat de 5\u00e8 i 6\u00e8 han pogut participar en un taller de RAP.<br \/>\nPrimer han descobert una mica la hist\u00f2ria del RAP, seguidament han comen\u00e7at a familiaritzar-se amb els tempos, cosa que no ha estat tan f\u00e0cil com pensaven.<br \/>\nDespr\u00e9s per acabar de perdre&hellip;  <a href=\"https:\/\/agora.xtec.cat\/ceip-antoni-gaudi\/general\/aquesta-setmana-coneixem-el-rap\/\" title=\"Read Aquesta setmana coneixem el RAP.\">Llegeix m\u00e9s\u00bb<\/a><\/p>\n","protected":false},"author":5,"featured_media":0,"comment_status":"open","ping_status":"closed","sticky":false,"template":"","format":"standard","meta":{"_bbp_topic_count":0,"_bbp_reply_count":0,"_bbp_total_topic_count":0,"_bbp_total_reply_count":0,"_bbp_voice_count":0,"_bbp_anonymous_reply_count":0,"_bbp_topic_count_hidden":0,"_bbp_reply_count_hidden":0,"_bbp_forum_subforum_count":0,"footnotes":""},"categories":[1,14,15,4,229,5],"tags":[],"class_list":["post-6178","post","type-post","status-publish","format-standard","hentry","category-general","category-p5","category-p6","category-portada","category-portada-portada","category-primaria"],"post_mailing_queue_ids":[],"_links":{"self":[{"href":"https:\/\/agora.xtec.cat\/ceip-antoni-gaudi\/wp-json\/wp\/v2\/posts\/6178","targetHints":{"allow":["GET"]}}],"collection":[{"href":"https:\/\/agora.xtec.cat\/ceip-antoni-gaudi\/wp-json\/wp\/v2\/posts"}],"about":[{"href":"https:\/\/agora.xtec.cat\/ceip-antoni-gaudi\/wp-json\/wp\/v2\/types\/post"}],"author":[{"embeddable":true,"href":"https:\/\/agora.xtec.cat\/ceip-antoni-gaudi\/wp-json\/wp\/v2\/users\/5"}],"replies":[{"embeddable":true,"href":"https:\/\/agora.xtec.cat\/ceip-antoni-gaudi\/wp-json\/wp\/v2\/comments?post=6178"}],"version-history":[{"count":3,"href":"https:\/\/agora.xtec.cat\/ceip-antoni-gaudi\/wp-json\/wp\/v2\/posts\/6178\/revisions"}],"predecessor-version":[{"id":6191,"href":"https:\/\/agora.xtec.cat\/ceip-antoni-gaudi\/wp-json\/wp\/v2\/posts\/6178\/revisions\/6191"}],"wp:attachment":[{"href":"https:\/\/agora.xtec.cat\/ceip-antoni-gaudi\/wp-json\/wp\/v2\/media?parent=6178"}],"wp:term":[{"taxonomy":"category","embeddable":true,"href":"https:\/\/agora.xtec.cat\/ceip-antoni-gaudi\/wp-json\/wp\/v2\/categories?post=6178"},{"taxonomy":"post_tag","embeddable":true,"href":"https:\/\/agora.xtec.cat\/ceip-antoni-gaudi\/wp-json\/wp\/v2\/tags?post=6178"}],"curies":[{"name":"wp","href":"https:\/\/api.w.org\/{rel}","templated":true}]}}