{"id":6144,"date":"2023-06-14T14:12:42","date_gmt":"2023-06-14T12:12:42","guid":{"rendered":"https:\/\/agora.xtec.cat\/ceip-antoni-gaudi\/?p=6144"},"modified":"2023-06-14T14:14:48","modified_gmt":"2023-06-14T12:14:48","slug":"5e-visita-els-parcs-de-montbui","status":"publish","type":"post","link":"https:\/\/agora.xtec.cat\/ceip-antoni-gaudi\/general\/5e-visita-els-parcs-de-montbui\/","title":{"rendered":"5\u00e8 visita els parcs de Montbui!"},"content":{"rendered":"<p>Avui l&#8217;alumnat de 5\u00e8 ha sortit de l&#8217;escola per anar al PARC CENTRAL, on els consellers que han format part del Consell d&#8217;Infants durant tot el curs ens han explicat quina \u00e9s la proposta acordada per a millorar aquest parc.<br \/>\nM\u00e9s tard hem anat al parc de la UNI\u00d3, on hem fet tres grups per fer diferents jocs i anar rotant. A m\u00e9s han gaudit de l&#8217;entorn i la natura propera, creant vincle amb tots els companys i companyes, hem passat un molt bon mat\u00ed.<\/p>\n<p>Cliqueu per veure fotografies.<\/p>\n<p><a href=\"https:\/\/photos.app.goo.gl\/ThbYawZxUuodwhyy6\"><img loading=\"lazy\" decoding=\"async\" class=\"alignnone size-medium wp-image-6148\" src=\"https:\/\/agora.xtec.cat\/ceip-antoni-gaudi\/wp-content\/uploads\/usu683\/2023\/06\/IMG_20230614_114802-1-1-300x225.jpg\" alt=\"\" width=\"300\" height=\"225\" srcset=\"https:\/\/agora.xtec.cat\/ceip-antoni-gaudi\/wp-content\/uploads\/usu683\/2023\/06\/IMG_20230614_114802-1-1-300x225.jpg 300w, https:\/\/agora.xtec.cat\/ceip-antoni-gaudi\/wp-content\/uploads\/usu683\/2023\/06\/IMG_20230614_114802-1-1-1024x768.jpg 1024w, https:\/\/agora.xtec.cat\/ceip-antoni-gaudi\/wp-content\/uploads\/usu683\/2023\/06\/IMG_20230614_114802-1-1-768x576.jpg 768w, https:\/\/agora.xtec.cat\/ceip-antoni-gaudi\/wp-content\/uploads\/usu683\/2023\/06\/IMG_20230614_114802-1-1-1536x1152.jpg 1536w, https:\/\/agora.xtec.cat\/ceip-antoni-gaudi\/wp-content\/uploads\/usu683\/2023\/06\/IMG_20230614_114802-1-1-2048x1536.jpg 2048w, https:\/\/agora.xtec.cat\/ceip-antoni-gaudi\/wp-content\/uploads\/usu683\/2023\/06\/IMG_20230614_114802-1-1-200x150.jpg 200w\" sizes=\"auto, (max-width: 300px) 100vw, 300px\" \/><\/a><\/p>\n","protected":false},"excerpt":{"rendered":"<p>Avui l&#8217;alumnat de 5\u00e8 ha sortit de l&#8217;escola per anar al PARC CENTRAL, on els consellers que han format part del Consell d&#8217;Infants durant tot el curs ens han explicat quina \u00e9s la proposta acordada per a millorar aquest parc.<br \/>\nM\u00e9s tard hem anat al parc&hellip;  <a href=\"https:\/\/agora.xtec.cat\/ceip-antoni-gaudi\/general\/5e-visita-els-parcs-de-montbui\/\" title=\"Read 5\u00e8 visita els parcs de Montbui!\">Llegeix m\u00e9s\u00bb<\/a><\/p>\n","protected":false},"author":5,"featured_media":6145,"comment_status":"open","ping_status":"closed","sticky":false,"template":"","format":"standard","meta":{"_bbp_topic_count":0,"_bbp_reply_count":0,"_bbp_total_topic_count":0,"_bbp_total_reply_count":0,"_bbp_voice_count":0,"_bbp_anonymous_reply_count":0,"_bbp_topic_count_hidden":0,"_bbp_reply_count_hidden":0,"_bbp_forum_subforum_count":0,"footnotes":""},"categories":[1,14,4,229,5],"tags":[],"class_list":["post-6144","post","type-post","status-publish","format-standard","has-post-thumbnail","hentry","category-general","category-p5","category-portada","category-portada-portada","category-primaria"],"post_mailing_queue_ids":[],"_links":{"self":[{"href":"https:\/\/agora.xtec.cat\/ceip-antoni-gaudi\/wp-json\/wp\/v2\/posts\/6144","targetHints":{"allow":["GET"]}}],"collection":[{"href":"https:\/\/agora.xtec.cat\/ceip-antoni-gaudi\/wp-json\/wp\/v2\/posts"}],"about":[{"href":"https:\/\/agora.xtec.cat\/ceip-antoni-gaudi\/wp-json\/wp\/v2\/types\/post"}],"author":[{"embeddable":true,"href":"https:\/\/agora.xtec.cat\/ceip-antoni-gaudi\/wp-json\/wp\/v2\/users\/5"}],"replies":[{"embeddable":true,"href":"https:\/\/agora.xtec.cat\/ceip-antoni-gaudi\/wp-json\/wp\/v2\/comments?post=6144"}],"version-history":[{"count":3,"href":"https:\/\/agora.xtec.cat\/ceip-antoni-gaudi\/wp-json\/wp\/v2\/posts\/6144\/revisions"}],"predecessor-version":[{"id":6150,"href":"https:\/\/agora.xtec.cat\/ceip-antoni-gaudi\/wp-json\/wp\/v2\/posts\/6144\/revisions\/6150"}],"wp:featuredmedia":[{"embeddable":true,"href":"https:\/\/agora.xtec.cat\/ceip-antoni-gaudi\/wp-json\/wp\/v2\/media\/6145"}],"wp:attachment":[{"href":"https:\/\/agora.xtec.cat\/ceip-antoni-gaudi\/wp-json\/wp\/v2\/media?parent=6144"}],"wp:term":[{"taxonomy":"category","embeddable":true,"href":"https:\/\/agora.xtec.cat\/ceip-antoni-gaudi\/wp-json\/wp\/v2\/categories?post=6144"},{"taxonomy":"post_tag","embeddable":true,"href":"https:\/\/agora.xtec.cat\/ceip-antoni-gaudi\/wp-json\/wp\/v2\/tags?post=6144"}],"curies":[{"name":"wp","href":"https:\/\/api.w.org\/{rel}","templated":true}]}}