{"id":6124,"date":"2023-06-12T14:04:32","date_gmt":"2023-06-12T12:04:32","guid":{"rendered":"https:\/\/agora.xtec.cat\/ceip-antoni-gaudi\/?p=6124"},"modified":"2023-06-12T14:16:34","modified_gmt":"2023-06-12T12:16:34","slug":"mitjans-sortida-a-tot-circ-copons","status":"publish","type":"post","link":"https:\/\/agora.xtec.cat\/ceip-antoni-gaudi\/portada\/mitjans-sortida-a-tot-circ-copons\/","title":{"rendered":"Mitjans: Sortida a Tot Circ (Copons)"},"content":{"rendered":"<p>El passat dijous els alumnes de 1r, 2n i 3r vam anar a Copons a realitzar un taller d&#8217;experimentci\u00f3 de circ ofert per la companyia Tot Circ. A m\u00e9s vam gaudir d&#8217;un petit espectacle del pallasso Tasta Circ. Vam gaudir molt durant tot el mat\u00ed. Us deixem els \u00e0lbums de la sortida.<\/p>\n<figure class=\"figure wp-caption alignleft\"><a href=\"https:\/\/photos.app.goo.gl\/UVcS4PcTAeBprJ9R9\" target=\"_blank\" rel=\"noopener\"><img loading=\"lazy\" decoding=\"async\" class=\"wp-image-6125 size-medium\" src=\"https:\/\/agora.xtec.cat\/ceip-antoni-gaudi\/wp-content\/uploads\/usu683\/2023\/06\/IMG-20230608-WA0119-300x139.jpg\" alt=\"TERCER\" width=\"300\" height=\"139\" srcset=\"https:\/\/agora.xtec.cat\/ceip-antoni-gaudi\/wp-content\/uploads\/usu683\/2023\/06\/IMG-20230608-WA0119-300x139.jpg 300w, https:\/\/agora.xtec.cat\/ceip-antoni-gaudi\/wp-content\/uploads\/usu683\/2023\/06\/IMG-20230608-WA0119-1024x473.jpg 1024w, https:\/\/agora.xtec.cat\/ceip-antoni-gaudi\/wp-content\/uploads\/usu683\/2023\/06\/IMG-20230608-WA0119-768x355.jpg 768w, https:\/\/agora.xtec.cat\/ceip-antoni-gaudi\/wp-content\/uploads\/usu683\/2023\/06\/IMG-20230608-WA0119-1536x709.jpg 1536w, https:\/\/agora.xtec.cat\/ceip-antoni-gaudi\/wp-content\/uploads\/usu683\/2023\/06\/IMG-20230608-WA0119.jpg 1600w\" sizes=\"auto, (max-width: 300px) 100vw, 300px\" \/><\/a><figcaption class=\"wp-caption-text\">TERCER<\/figcaption><\/figure>\n<figure class=\"figure wp-caption alignleft\"><a href=\"https:\/\/photos.app.goo.gl\/vToUkjcuESLKw4pc6\" target=\"_blank\" rel=\"noopener\"><img loading=\"lazy\" decoding=\"async\" class=\"wp-image-6126 size-medium\" src=\"https:\/\/agora.xtec.cat\/ceip-antoni-gaudi\/wp-content\/uploads\/usu683\/2023\/06\/SmartSelect_20230612_135909_Photos-300x196.jpg\" alt=\"\" width=\"300\" height=\"196\" srcset=\"https:\/\/agora.xtec.cat\/ceip-antoni-gaudi\/wp-content\/uploads\/usu683\/2023\/06\/SmartSelect_20230612_135909_Photos-300x196.jpg 300w, https:\/\/agora.xtec.cat\/ceip-antoni-gaudi\/wp-content\/uploads\/usu683\/2023\/06\/SmartSelect_20230612_135909_Photos.jpg 655w\" sizes=\"auto, (max-width: 300px) 100vw, 300px\" \/><\/a><figcaption class=\"wp-caption-text\">SEGON<\/figcaption><\/figure>\n<figure class=\"figure wp-caption alignleft\"><a href=\"https:\/\/photos.app.goo.gl\/TSMbZkDFTz5ANwBv7\" target=\"_blank\" rel=\"noopener\"><img loading=\"lazy\" decoding=\"async\" class=\"wp-image-6127 size-medium\" src=\"https:\/\/agora.xtec.cat\/ceip-antoni-gaudi\/wp-content\/uploads\/usu683\/2023\/06\/IMG-20230608-WA0175-300x225.jpg\" alt=\"PRIMER\" width=\"300\" height=\"225\" srcset=\"https:\/\/agora.xtec.cat\/ceip-antoni-gaudi\/wp-content\/uploads\/usu683\/2023\/06\/IMG-20230608-WA0175-300x225.jpg 300w, https:\/\/agora.xtec.cat\/ceip-antoni-gaudi\/wp-content\/uploads\/usu683\/2023\/06\/IMG-20230608-WA0175-1024x768.jpg 1024w, https:\/\/agora.xtec.cat\/ceip-antoni-gaudi\/wp-content\/uploads\/usu683\/2023\/06\/IMG-20230608-WA0175-768x576.jpg 768w, https:\/\/agora.xtec.cat\/ceip-antoni-gaudi\/wp-content\/uploads\/usu683\/2023\/06\/IMG-20230608-WA0175-1536x1152.jpg 1536w, https:\/\/agora.xtec.cat\/ceip-antoni-gaudi\/wp-content\/uploads\/usu683\/2023\/06\/IMG-20230608-WA0175-200x150.jpg 200w, https:\/\/agora.xtec.cat\/ceip-antoni-gaudi\/wp-content\/uploads\/usu683\/2023\/06\/IMG-20230608-WA0175.jpg 1600w\" sizes=\"auto, (max-width: 300px) 100vw, 300px\" \/><\/a><figcaption class=\"wp-caption-text\">PRIMER<\/figcaption><\/figure>\n","protected":false},"excerpt":{"rendered":"<p>El passat dijous els alumnes de 1r, 2n i 3r vam anar a Copons a realitzar un taller d&#8217;experimentci\u00f3 de circ ofert per la companyia Tot Circ. A m\u00e9s vam gaudir d&#8217;un petit espectacle del pallasso Tasta Circ. Vam gaudir molt durant tot el mat\u00ed.&hellip;  <a href=\"https:\/\/agora.xtec.cat\/ceip-antoni-gaudi\/portada\/mitjans-sortida-a-tot-circ-copons\/\" title=\"Read Mitjans: Sortida a Tot Circ (Copons)\">Llegeix m\u00e9s\u00bb<\/a><\/p>\n","protected":false},"author":4,"featured_media":0,"comment_status":"open","ping_status":"closed","sticky":false,"template":"","format":"standard","meta":{"_bbp_topic_count":0,"_bbp_reply_count":0,"_bbp_total_topic_count":0,"_bbp_total_reply_count":0,"_bbp_voice_count":0,"_bbp_anonymous_reply_count":0,"_bbp_topic_count_hidden":0,"_bbp_reply_count_hidden":0,"_bbp_forum_subforum_count":0,"footnotes":""},"categories":[10,11,12,4,5],"tags":[],"class_list":["post-6124","post","type-post","status-publish","format-standard","hentry","category-p1","category-p2","category-p3","category-portada","category-primaria"],"post_mailing_queue_ids":[],"_links":{"self":[{"href":"https:\/\/agora.xtec.cat\/ceip-antoni-gaudi\/wp-json\/wp\/v2\/posts\/6124","targetHints":{"allow":["GET"]}}],"collection":[{"href":"https:\/\/agora.xtec.cat\/ceip-antoni-gaudi\/wp-json\/wp\/v2\/posts"}],"about":[{"href":"https:\/\/agora.xtec.cat\/ceip-antoni-gaudi\/wp-json\/wp\/v2\/types\/post"}],"author":[{"embeddable":true,"href":"https:\/\/agora.xtec.cat\/ceip-antoni-gaudi\/wp-json\/wp\/v2\/users\/4"}],"replies":[{"embeddable":true,"href":"https:\/\/agora.xtec.cat\/ceip-antoni-gaudi\/wp-json\/wp\/v2\/comments?post=6124"}],"version-history":[{"count":4,"href":"https:\/\/agora.xtec.cat\/ceip-antoni-gaudi\/wp-json\/wp\/v2\/posts\/6124\/revisions"}],"predecessor-version":[{"id":6134,"href":"https:\/\/agora.xtec.cat\/ceip-antoni-gaudi\/wp-json\/wp\/v2\/posts\/6124\/revisions\/6134"}],"wp:attachment":[{"href":"https:\/\/agora.xtec.cat\/ceip-antoni-gaudi\/wp-json\/wp\/v2\/media?parent=6124"}],"wp:term":[{"taxonomy":"category","embeddable":true,"href":"https:\/\/agora.xtec.cat\/ceip-antoni-gaudi\/wp-json\/wp\/v2\/categories?post=6124"},{"taxonomy":"post_tag","embeddable":true,"href":"https:\/\/agora.xtec.cat\/ceip-antoni-gaudi\/wp-json\/wp\/v2\/tags?post=6124"}],"curies":[{"name":"wp","href":"https:\/\/api.w.org\/{rel}","templated":true}]}}