{"id":6113,"date":"2023-06-10T13:52:58","date_gmt":"2023-06-10T11:52:58","guid":{"rendered":"https:\/\/agora.xtec.cat\/ceip-antoni-gaudi\/?p=6113"},"modified":"2023-06-10T13:52:58","modified_gmt":"2023-06-10T11:52:58","slug":"gaudim-del-gran-marcel-gros","status":"publish","type":"post","link":"https:\/\/agora.xtec.cat\/ceip-antoni-gaudi\/general\/gaudim-del-gran-marcel-gros\/","title":{"rendered":"Gaudim del gran Marcel Gros"},"content":{"rendered":"<p>Aquest dilluns, el cicle d&#8217;Educaci\u00f3 Infantil i els infants de 1r vam gaudir de l&#8217;espectacle <strong><span style=\"color: #3366ff;\">&#8220;Particular&#8221;<\/span><\/strong> d&#8217;en <span style=\"color: #0000ff;\"><strong>Marcel Gros <img loading=\"lazy\" decoding=\"async\" class=\"\" src=\"https:\/\/em-content.zobj.net\/source\/animated-noto-color-emoji\/356\/clown-face_1f921.gif\" alt=\"Clown Face on Noto Color Emoji, Animated 15.0\" width=\"17\" height=\"17\" \/><\/strong><\/span>.\u00a0 Aquesta obra forma part de la celebraci\u00f3 de la <strong><span style=\"color: #1bc5e3;\">Setmana de les <\/span><\/strong><span style=\"font-family: inherit; font-size: 1em;\"><strong><span style=\"color: #1bc5e3;\">Arts<\/span><\/strong> <img loading=\"lazy\" decoding=\"async\" class=\"\" src=\"https:\/\/em-content.zobj.net\/thumbs\/120\/facebook\/355\/performing-arts_1f3ad.png\" alt=\"Performing Arts on Facebook 15.0\" width=\"29\" height=\"29\" \/> al nostre municipi i a la qual vam assistir juntament amb infants de les Llars Municipals Estel i Santa Anna i de les escoles Garcia Lorca i Montbou.\u00a0<\/span><\/p>\n<pre>\"Aix\u00ed el <strong>Riure<\/strong>, es converteix en una expressi\u00f3 de for\u00e7a, de festa, de cr\u00edtica, de contradicci\u00f3 i de vida\u2026 una manera de vulnerar les convencions\u2026 no \u00e9s una manera d\u2019escapar de la realitat, sin\u00f3 d\u2019afrontar-la positivament.\"\r\nMARCEL GROS\r\n\r\n\r\nCliqueu per a\u00a0<img loading=\"lazy\" decoding=\"async\" class=\"alignnone wp-image-6089\" src=\"https:\/\/agora.xtec.cat\/ceip-antoni-gaudi\/wp-content\/uploads\/usu683\/2023\/06\/plus_2795.png\" alt=\"\" width=\"13\" height=\"13\" \/><img loading=\"lazy\" decoding=\"async\" class=\"alignnone wp-image-6088\" src=\"https:\/\/agora.xtec.cat\/ceip-antoni-gaudi\/wp-content\/uploads\/usu683\/2023\/06\/camera-with-flash_1f4f8.png\" alt=\"\" width=\"19\" height=\"19\" \/>\r\n\r\n<a href=\"https:\/\/photos.app.goo.gl\/S6zi2NV2SCSF3XCA7\"><img loading=\"lazy\" decoding=\"async\" class=\"alignnone size-medium wp-image-6122\" src=\"https:\/\/agora.xtec.cat\/ceip-antoni-gaudi\/wp-content\/uploads\/usu683\/2023\/06\/1685960915776-300x131.jpg\" alt=\"\" width=\"300\" height=\"131\" srcset=\"https:\/\/agora.xtec.cat\/ceip-antoni-gaudi\/wp-content\/uploads\/usu683\/2023\/06\/1685960915776-300x131.jpg 300w, https:\/\/agora.xtec.cat\/ceip-antoni-gaudi\/wp-content\/uploads\/usu683\/2023\/06\/1685960915776-1024x447.jpg 1024w, https:\/\/agora.xtec.cat\/ceip-antoni-gaudi\/wp-content\/uploads\/usu683\/2023\/06\/1685960915776-768x336.jpg 768w, https:\/\/agora.xtec.cat\/ceip-antoni-gaudi\/wp-content\/uploads\/usu683\/2023\/06\/1685960915776-1536x671.jpg 1536w, https:\/\/agora.xtec.cat\/ceip-antoni-gaudi\/wp-content\/uploads\/usu683\/2023\/06\/1685960915776-2048x895.jpg 2048w\" sizes=\"auto, (max-width: 300px) 100vw, 300px\" \/><\/a><\/pre>\n","protected":false},"excerpt":{"rendered":"<p>Aquest dilluns, el cicle d&#8217;Educaci\u00f3 Infantil i els infants de 1r vam gaudir de l&#8217;espectacle &#8220;Particular&#8221; d&#8217;en Marcel Gros .\u00a0 Aquesta obra forma part de la celebraci\u00f3 de la Setmana de les Arts  al nostre municipi i a la qual vam assistir juntament amb&hellip;  <a href=\"https:\/\/agora.xtec.cat\/ceip-antoni-gaudi\/general\/gaudim-del-gran-marcel-gros\/\" title=\"Read Gaudim del gran Marcel Gros\">Llegeix m\u00e9s\u00bb<\/a><\/p>\n","protected":false},"author":6,"featured_media":0,"comment_status":"open","ping_status":"closed","sticky":false,"template":"","format":"standard","meta":{"_bbp_topic_count":0,"_bbp_reply_count":0,"_bbp_total_topic_count":0,"_bbp_total_reply_count":0,"_bbp_voice_count":0,"_bbp_anonymous_reply_count":0,"_bbp_topic_count_hidden":0,"_bbp_reply_count_hidden":0,"_bbp_forum_subforum_count":0,"footnotes":""},"categories":[1,3,8,9,2,4,229],"tags":[],"class_list":["post-6113","post","type-post","status-publish","format-standard","hentry","category-general","category-i3","category-i4","category-i5","category-infantil","category-portada","category-portada-portada"],"post_mailing_queue_ids":[],"_links":{"self":[{"href":"https:\/\/agora.xtec.cat\/ceip-antoni-gaudi\/wp-json\/wp\/v2\/posts\/6113","targetHints":{"allow":["GET"]}}],"collection":[{"href":"https:\/\/agora.xtec.cat\/ceip-antoni-gaudi\/wp-json\/wp\/v2\/posts"}],"about":[{"href":"https:\/\/agora.xtec.cat\/ceip-antoni-gaudi\/wp-json\/wp\/v2\/types\/post"}],"author":[{"embeddable":true,"href":"https:\/\/agora.xtec.cat\/ceip-antoni-gaudi\/wp-json\/wp\/v2\/users\/6"}],"replies":[{"embeddable":true,"href":"https:\/\/agora.xtec.cat\/ceip-antoni-gaudi\/wp-json\/wp\/v2\/comments?post=6113"}],"version-history":[{"count":3,"href":"https:\/\/agora.xtec.cat\/ceip-antoni-gaudi\/wp-json\/wp\/v2\/posts\/6113\/revisions"}],"predecessor-version":[{"id":6123,"href":"https:\/\/agora.xtec.cat\/ceip-antoni-gaudi\/wp-json\/wp\/v2\/posts\/6113\/revisions\/6123"}],"wp:attachment":[{"href":"https:\/\/agora.xtec.cat\/ceip-antoni-gaudi\/wp-json\/wp\/v2\/media?parent=6113"}],"wp:term":[{"taxonomy":"category","embeddable":true,"href":"https:\/\/agora.xtec.cat\/ceip-antoni-gaudi\/wp-json\/wp\/v2\/categories?post=6113"},{"taxonomy":"post_tag","embeddable":true,"href":"https:\/\/agora.xtec.cat\/ceip-antoni-gaudi\/wp-json\/wp\/v2\/tags?post=6113"}],"curies":[{"name":"wp","href":"https:\/\/api.w.org\/{rel}","templated":true}]}}