{"id":6073,"date":"2023-06-06T14:23:41","date_gmt":"2023-06-06T12:23:41","guid":{"rendered":"https:\/\/agora.xtec.cat\/ceip-antoni-gaudi\/?p=6073"},"modified":"2023-06-06T14:29:05","modified_gmt":"2023-06-06T12:29:05","slug":"infantil-i-les-dents","status":"publish","type":"post","link":"https:\/\/agora.xtec.cat\/ceip-antoni-gaudi\/general\/infantil-i-les-dents\/","title":{"rendered":"Infantil i les dents!"},"content":{"rendered":"<p>La setmana passada la <strong><span style=\"color: #008080;\">Mirna<\/span><\/strong>,<span style=\"color: #008080;\"><strong> higienista del CAP de Montbui <img loading=\"lazy\" decoding=\"async\" class=\"alignnone wp-image-6083\" src=\"https:\/\/agora.xtec.cat\/ceip-antoni-gaudi\/wp-content\/uploads\/usu683\/2023\/06\/woman-health-worker_1f469-200d-2695-fe0f.png\" alt=\"\" width=\"17\" height=\"17\" srcset=\"https:\/\/agora.xtec.cat\/ceip-antoni-gaudi\/wp-content\/uploads\/usu683\/2023\/06\/woman-health-worker_1f469-200d-2695-fe0f.png 240w, https:\/\/agora.xtec.cat\/ceip-antoni-gaudi\/wp-content\/uploads\/usu683\/2023\/06\/woman-health-worker_1f469-200d-2695-fe0f-150x150.png 150w\" sizes=\"auto, (max-width: 17px) 100vw, 17px\" \/> <img loading=\"lazy\" decoding=\"async\" class=\"alignnone wp-image-6084\" src=\"https:\/\/agora.xtec.cat\/ceip-antoni-gaudi\/wp-content\/uploads\/usu683\/2023\/06\/tooth_1f9b7.png\" alt=\"\" width=\"18\" height=\"18\" srcset=\"https:\/\/agora.xtec.cat\/ceip-antoni-gaudi\/wp-content\/uploads\/usu683\/2023\/06\/tooth_1f9b7.png 256w, https:\/\/agora.xtec.cat\/ceip-antoni-gaudi\/wp-content\/uploads\/usu683\/2023\/06\/tooth_1f9b7-150x150.png 150w\" sizes=\"auto, (max-width: 18px) 100vw, 18px\" \/><\/strong><\/span>, ens va fer una xerrada sobre la import\u00e0ncia de cuidar la nostra<span style=\"color: #ff9900;\"><strong> salut bucal<\/strong><\/span>, ja que aquest fet pot repercutir en la resta del nostre cos. Tamb\u00e9, com l&#8217;<span style=\"color: #0ddb0d;\"><strong>alimentaci\u00f3<\/strong><\/span> <img loading=\"lazy\" decoding=\"async\" class=\"alignnone wp-image-6076\" src=\"https:\/\/agora.xtec.cat\/ceip-antoni-gaudi\/wp-content\/uploads\/usu683\/2023\/06\/broccoli_1f966.png\" alt=\"\" width=\"19\" height=\"19\" \/><img loading=\"lazy\" decoding=\"async\" class=\"alignnone wp-image-6077\" src=\"https:\/\/agora.xtec.cat\/ceip-antoni-gaudi\/wp-content\/uploads\/usu683\/2023\/06\/kiwi-fruit_1f95d.png\" alt=\"\" width=\"15\" height=\"15\" \/> <img loading=\"lazy\" decoding=\"async\" class=\"alignnone wp-image-6078\" src=\"https:\/\/agora.xtec.cat\/ceip-antoni-gaudi\/wp-content\/uploads\/usu683\/2023\/06\/red-apple_1f34e.png\" alt=\"\" width=\"16\" height=\"16\" \/><a href=\"https:\/\/agora.xtec.cat\/ceip-antoni-gaudi\/wp-content\/uploads\/usu683\/2023\/06\/broccoli_1f966.png\">\u00a0<\/a>\u00e9s un factor clau que hem de cuidar. En aquesta ocasi\u00f3, vam poder compartir aquest tema tan rellevant amb les <strong><span style=\"color: #00ccff;\">fam\u00edlies<\/span><\/strong>. \u00a0<img loading=\"lazy\" decoding=\"async\" class=\"alignnone wp-image-6081\" src=\"https:\/\/agora.xtec.cat\/ceip-antoni-gaudi\/wp-content\/uploads\/usu683\/2023\/06\/family_1f46a-1.png\" alt=\"\" width=\"18\" height=\"18\" srcset=\"https:\/\/agora.xtec.cat\/ceip-antoni-gaudi\/wp-content\/uploads\/usu683\/2023\/06\/family_1f46a-1.png 240w, https:\/\/agora.xtec.cat\/ceip-antoni-gaudi\/wp-content\/uploads\/usu683\/2023\/06\/family_1f46a-1-150x150.png 150w\" sizes=\"auto, (max-width: 18px) 100vw, 18px\" \/><\/p>\n<p>Moltes gr\u00e0cies, Mirna! <img loading=\"lazy\" decoding=\"async\" class=\"alignnone wp-image-6086\" src=\"https:\/\/agora.xtec.cat\/ceip-antoni-gaudi\/wp-content\/uploads\/usu683\/2023\/06\/growing-heart_1f497.png\" alt=\"\" width=\"17\" height=\"17\" \/><\/p>\n<p>Cliqueu per a <img loading=\"lazy\" decoding=\"async\" class=\"alignnone wp-image-6089\" src=\"https:\/\/agora.xtec.cat\/ceip-antoni-gaudi\/wp-content\/uploads\/usu683\/2023\/06\/plus_2795.png\" alt=\"\" width=\"13\" height=\"13\" \/><img loading=\"lazy\" decoding=\"async\" class=\"alignnone wp-image-6088\" src=\"https:\/\/agora.xtec.cat\/ceip-antoni-gaudi\/wp-content\/uploads\/usu683\/2023\/06\/camera-with-flash_1f4f8.png\" alt=\"\" width=\"19\" height=\"19\" \/><\/p>\n<p><a href=\"https:\/\/photos.app.goo.gl\/gx6ERbe2AJjevUV69\"><img loading=\"lazy\" decoding=\"async\" class=\"alignnone wp-image-6091\" src=\"https:\/\/agora.xtec.cat\/ceip-antoni-gaudi\/wp-content\/uploads\/usu683\/2023\/06\/I3.png\" alt=\"\" width=\"213\" height=\"121\" \/><\/a>\u00a0<a href=\"https:\/\/photos.app.goo.gl\/GgMWpNuJByv7ZvUK8\"><img loading=\"lazy\" decoding=\"async\" class=\"alignnone size-medium wp-image-6093\" src=\"https:\/\/agora.xtec.cat\/ceip-antoni-gaudi\/wp-content\/uploads\/usu683\/2023\/06\/CAP-I4.png\" alt=\"\" width=\"248\" height=\"127\" \/><\/a><a href=\"https:\/\/photos.app.goo.gl\/yh17imXfuQr3EodP7\"><img loading=\"lazy\" decoding=\"async\" class=\"alignnone wp-image-6092\" src=\"https:\/\/agora.xtec.cat\/ceip-antoni-gaudi\/wp-content\/uploads\/usu683\/2023\/06\/CAP-I5.png\" alt=\"\" width=\"256\" height=\"127\" \/><\/a><\/p>\n","protected":false},"excerpt":{"rendered":"<p>La setmana passada la Mirna, higienista del CAP de Montbui  , ens va fer una xerrada sobre la import\u00e0ncia de cuidar la nostra salut bucal, ja que aquest fet pot repercutir en la resta del nostre cos. Tamb\u00e9, com l&#8217;alimentaci\u00f3  <a href=\"https:\/\/agora.xtec.cat\/ceip-antoni-gaudi\/wp-content\/uploads\/usu683\/2023\/06\/broccoli_1f966.png\">\u00a0<\/a>\u00e9s un&hellip;  <a href=\"https:\/\/agora.xtec.cat\/ceip-antoni-gaudi\/general\/infantil-i-les-dents\/\" title=\"Read Infantil i les dents!\">Llegeix m\u00e9s\u00bb<\/a><\/p>\n","protected":false},"author":6,"featured_media":0,"comment_status":"open","ping_status":"closed","sticky":false,"template":"","format":"standard","meta":{"_bbp_topic_count":0,"_bbp_reply_count":0,"_bbp_total_topic_count":0,"_bbp_total_reply_count":0,"_bbp_voice_count":0,"_bbp_anonymous_reply_count":0,"_bbp_topic_count_hidden":0,"_bbp_reply_count_hidden":0,"_bbp_forum_subforum_count":0,"footnotes":""},"categories":[1,3,8,9,2,4,229],"tags":[],"class_list":["post-6073","post","type-post","status-publish","format-standard","hentry","category-general","category-i3","category-i4","category-i5","category-infantil","category-portada","category-portada-portada"],"post_mailing_queue_ids":[],"_links":{"self":[{"href":"https:\/\/agora.xtec.cat\/ceip-antoni-gaudi\/wp-json\/wp\/v2\/posts\/6073","targetHints":{"allow":["GET"]}}],"collection":[{"href":"https:\/\/agora.xtec.cat\/ceip-antoni-gaudi\/wp-json\/wp\/v2\/posts"}],"about":[{"href":"https:\/\/agora.xtec.cat\/ceip-antoni-gaudi\/wp-json\/wp\/v2\/types\/post"}],"author":[{"embeddable":true,"href":"https:\/\/agora.xtec.cat\/ceip-antoni-gaudi\/wp-json\/wp\/v2\/users\/6"}],"replies":[{"embeddable":true,"href":"https:\/\/agora.xtec.cat\/ceip-antoni-gaudi\/wp-json\/wp\/v2\/comments?post=6073"}],"version-history":[{"count":3,"href":"https:\/\/agora.xtec.cat\/ceip-antoni-gaudi\/wp-json\/wp\/v2\/posts\/6073\/revisions"}],"predecessor-version":[{"id":6097,"href":"https:\/\/agora.xtec.cat\/ceip-antoni-gaudi\/wp-json\/wp\/v2\/posts\/6073\/revisions\/6097"}],"wp:attachment":[{"href":"https:\/\/agora.xtec.cat\/ceip-antoni-gaudi\/wp-json\/wp\/v2\/media?parent=6073"}],"wp:term":[{"taxonomy":"category","embeddable":true,"href":"https:\/\/agora.xtec.cat\/ceip-antoni-gaudi\/wp-json\/wp\/v2\/categories?post=6073"},{"taxonomy":"post_tag","embeddable":true,"href":"https:\/\/agora.xtec.cat\/ceip-antoni-gaudi\/wp-json\/wp\/v2\/tags?post=6073"}],"curies":[{"name":"wp","href":"https:\/\/api.w.org\/{rel}","templated":true}]}}