{"id":6046,"date":"2023-06-01T15:45:44","date_gmt":"2023-06-01T13:45:44","guid":{"rendered":"https:\/\/agora.xtec.cat\/ceip-antoni-gaudi\/?p=6046"},"modified":"2023-06-01T15:45:44","modified_gmt":"2023-06-01T13:45:44","slug":"a-i4-treballem-el-conte-ets-un-monstre","status":"publish","type":"post","link":"https:\/\/agora.xtec.cat\/ceip-antoni-gaudi\/general\/a-i4-treballem-el-conte-ets-un-monstre\/","title":{"rendered":"A I4 treballem el conte &#8220;Ets un monstre?&#8221;"},"content":{"rendered":"<p>Aquests dies a <strong>I4<\/strong> hem treballat el conte &#8220;<strong>Ets un monstre?<\/strong>&#8221; per esbrinar si tenim algun monstruito a la classe ! Despr\u00e9s de mirar-nos si tenim les <strong><span style=\"color: #cc99ff;\">ungles afilades<\/span><\/strong>, els <strong><span style=\"color: #ff9900;\">ulls grocs<\/span><\/strong> o les <span style=\"color: #999999;\"><strong>dents punxegudes<\/strong><\/span>, hem arribat a la conclusi\u00f3 que no, no tenim cap monstre a la classe!<\/p>\n<p>Ara b\u00e9, alguns sabem fer sorolls d&#8217;all\u00f2 m\u00e9s terror\u00edfics!<\/p>\n<p>Finalment, hem creat els nostres monstres i els hem posat un nom.<\/p>\n<p>Aqu\u00ed us deixem les nostres obres d&#8217;art!<\/p>\n<p><a href=\"https:\/\/photos.app.goo.gl\/1tv4G9cwKqVA3X8H7\"><img loading=\"lazy\" decoding=\"async\" class=\"aligncenter size-medium wp-image-6047\" src=\"https:\/\/agora.xtec.cat\/ceip-antoni-gaudi\/wp-content\/uploads\/usu683\/2023\/05\/ets-un-monstre-225x300.jpg\" alt=\"\" width=\"225\" height=\"300\" srcset=\"https:\/\/agora.xtec.cat\/ceip-antoni-gaudi\/wp-content\/uploads\/usu683\/2023\/05\/ets-un-monstre-225x300.jpg 225w, https:\/\/agora.xtec.cat\/ceip-antoni-gaudi\/wp-content\/uploads\/usu683\/2023\/05\/ets-un-monstre-768x1024.jpg 768w, https:\/\/agora.xtec.cat\/ceip-antoni-gaudi\/wp-content\/uploads\/usu683\/2023\/05\/ets-un-monstre-1152x1536.jpg 1152w, https:\/\/agora.xtec.cat\/ceip-antoni-gaudi\/wp-content\/uploads\/usu683\/2023\/05\/ets-un-monstre-1536x2048.jpg 1536w, https:\/\/agora.xtec.cat\/ceip-antoni-gaudi\/wp-content\/uploads\/usu683\/2023\/05\/ets-un-monstre-scaled.jpg 1920w\" sizes=\"auto, (max-width: 225px) 100vw, 225px\" \/><\/a><\/p>\n","protected":false},"excerpt":{"rendered":"<p>Aquests dies a I4 hem treballat el conte &#8220;Ets un monstre?&#8221; per esbrinar si tenim algun monstruito a la classe ! Despr\u00e9s de mirar-nos si tenim les ungles afilades, els ulls grocs o les dents punxegudes, hem arribat a la conclusi\u00f3 que no, no tenim&hellip;  <a href=\"https:\/\/agora.xtec.cat\/ceip-antoni-gaudi\/general\/a-i4-treballem-el-conte-ets-un-monstre\/\" title=\"Read A I4 treballem el conte &#8220;Ets un monstre?&#8221;\">Llegeix m\u00e9s\u00bb<\/a><\/p>\n","protected":false},"author":6,"featured_media":0,"comment_status":"open","ping_status":"closed","sticky":false,"template":"","format":"standard","meta":{"_bbp_topic_count":0,"_bbp_reply_count":0,"_bbp_total_topic_count":0,"_bbp_total_reply_count":0,"_bbp_voice_count":0,"_bbp_anonymous_reply_count":0,"_bbp_topic_count_hidden":0,"_bbp_reply_count_hidden":0,"_bbp_forum_subforum_count":0,"footnotes":""},"categories":[1,8,2,4,229],"tags":[],"class_list":["post-6046","post","type-post","status-publish","format-standard","hentry","category-general","category-i4","category-infantil","category-portada","category-portada-portada"],"post_mailing_queue_ids":[],"_links":{"self":[{"href":"https:\/\/agora.xtec.cat\/ceip-antoni-gaudi\/wp-json\/wp\/v2\/posts\/6046","targetHints":{"allow":["GET"]}}],"collection":[{"href":"https:\/\/agora.xtec.cat\/ceip-antoni-gaudi\/wp-json\/wp\/v2\/posts"}],"about":[{"href":"https:\/\/agora.xtec.cat\/ceip-antoni-gaudi\/wp-json\/wp\/v2\/types\/post"}],"author":[{"embeddable":true,"href":"https:\/\/agora.xtec.cat\/ceip-antoni-gaudi\/wp-json\/wp\/v2\/users\/6"}],"replies":[{"embeddable":true,"href":"https:\/\/agora.xtec.cat\/ceip-antoni-gaudi\/wp-json\/wp\/v2\/comments?post=6046"}],"version-history":[{"count":2,"href":"https:\/\/agora.xtec.cat\/ceip-antoni-gaudi\/wp-json\/wp\/v2\/posts\/6046\/revisions"}],"predecessor-version":[{"id":6061,"href":"https:\/\/agora.xtec.cat\/ceip-antoni-gaudi\/wp-json\/wp\/v2\/posts\/6046\/revisions\/6061"}],"wp:attachment":[{"href":"https:\/\/agora.xtec.cat\/ceip-antoni-gaudi\/wp-json\/wp\/v2\/media?parent=6046"}],"wp:term":[{"taxonomy":"category","embeddable":true,"href":"https:\/\/agora.xtec.cat\/ceip-antoni-gaudi\/wp-json\/wp\/v2\/categories?post=6046"},{"taxonomy":"post_tag","embeddable":true,"href":"https:\/\/agora.xtec.cat\/ceip-antoni-gaudi\/wp-json\/wp\/v2\/tags?post=6046"}],"curies":[{"name":"wp","href":"https:\/\/api.w.org\/{rel}","templated":true}]}}