{"id":6029,"date":"2023-05-22T19:27:51","date_gmt":"2023-05-22T17:27:51","guid":{"rendered":"https:\/\/agora.xtec.cat\/ceip-antoni-gaudi\/?p=6029"},"modified":"2023-05-22T19:27:51","modified_gmt":"2023-05-22T17:27:51","slug":"els-grans-de-colonies-al-delta-de-lebre","status":"publish","type":"post","link":"https:\/\/agora.xtec.cat\/ceip-antoni-gaudi\/general\/els-grans-de-colonies-al-delta-de-lebre\/","title":{"rendered":"Els GRANS de col\u00f2nies al Delta de l&#8217;Ebre"},"content":{"rendered":"<p>Comencem la setmana destacant les col\u00f2nies dels alumnes de 4rt, 5\u00e8 i 6\u00e8 al Delta de l&#8217;Ebre. Una sortida plena d&#8217;activitats esportives, on els nens i les nenes s&#8217;ho estan passant genial.<\/p>\n<p>En el seg\u00fcent enlla\u00e7 podeu veure totes les fotografies que estem fent aquests dies!!<\/p>\n<p><a href=\"https:\/\/photos.app.goo.gl\/5gRu2T4ucbSpYcWM9\"><img decoding=\"async\" src=\"https:\/\/i.ytimg.com\/vi\/t-DEVdcbyao\/maxresdefault.jpg\" alt=\"\u25b7 Casa de Col\u00f2nies Delta de l'Ebre - ALBERG LA RAPITA\" \/><\/a><\/p>\n","protected":false},"excerpt":{"rendered":"<p>Comencem la setmana destacant les col\u00f2nies dels alumnes de 4rt, 5\u00e8 i 6\u00e8 al Delta de l&#8217;Ebre. Una sortida plena d&#8217;activitats esportives, on els nens i les nenes s&#8217;ho estan passant genial.<br \/>\nEn el seg\u00fcent enlla\u00e7 podeu veure totes les fotografies que estem fent aquests dies!!<br \/>\n<a&hellip;  <a href=\"https:\/\/agora.xtec.cat\/ceip-antoni-gaudi\/general\/els-grans-de-colonies-al-delta-de-lebre\/\" title=\"Read Els GRANS de col\u00f2nies al Delta de l&#8217;Ebre\">Llegeix m\u00e9s\u00bb<\/a><\/p>\n","protected":false},"author":5,"featured_media":0,"comment_status":"open","ping_status":"closed","sticky":false,"template":"","format":"standard","meta":{"_bbp_topic_count":0,"_bbp_reply_count":0,"_bbp_total_topic_count":0,"_bbp_total_reply_count":0,"_bbp_voice_count":0,"_bbp_anonymous_reply_count":0,"_bbp_topic_count_hidden":0,"_bbp_reply_count_hidden":0,"_bbp_forum_subforum_count":0,"footnotes":""},"categories":[1,13,14,15,4,229,5],"tags":[],"class_list":["post-6029","post","type-post","status-publish","format-standard","hentry","category-general","category-p4","category-p5","category-p6","category-portada","category-portada-portada","category-primaria"],"post_mailing_queue_ids":[],"_links":{"self":[{"href":"https:\/\/agora.xtec.cat\/ceip-antoni-gaudi\/wp-json\/wp\/v2\/posts\/6029","targetHints":{"allow":["GET"]}}],"collection":[{"href":"https:\/\/agora.xtec.cat\/ceip-antoni-gaudi\/wp-json\/wp\/v2\/posts"}],"about":[{"href":"https:\/\/agora.xtec.cat\/ceip-antoni-gaudi\/wp-json\/wp\/v2\/types\/post"}],"author":[{"embeddable":true,"href":"https:\/\/agora.xtec.cat\/ceip-antoni-gaudi\/wp-json\/wp\/v2\/users\/5"}],"replies":[{"embeddable":true,"href":"https:\/\/agora.xtec.cat\/ceip-antoni-gaudi\/wp-json\/wp\/v2\/comments?post=6029"}],"version-history":[{"count":3,"href":"https:\/\/agora.xtec.cat\/ceip-antoni-gaudi\/wp-json\/wp\/v2\/posts\/6029\/revisions"}],"predecessor-version":[{"id":6032,"href":"https:\/\/agora.xtec.cat\/ceip-antoni-gaudi\/wp-json\/wp\/v2\/posts\/6029\/revisions\/6032"}],"wp:attachment":[{"href":"https:\/\/agora.xtec.cat\/ceip-antoni-gaudi\/wp-json\/wp\/v2\/media?parent=6029"}],"wp:term":[{"taxonomy":"category","embeddable":true,"href":"https:\/\/agora.xtec.cat\/ceip-antoni-gaudi\/wp-json\/wp\/v2\/categories?post=6029"},{"taxonomy":"post_tag","embeddable":true,"href":"https:\/\/agora.xtec.cat\/ceip-antoni-gaudi\/wp-json\/wp\/v2\/tags?post=6029"}],"curies":[{"name":"wp","href":"https:\/\/api.w.org\/{rel}","templated":true}]}}