{"id":5954,"date":"2023-04-27T16:56:20","date_gmt":"2023-04-27T14:56:20","guid":{"rendered":"https:\/\/agora.xtec.cat\/ceip-antoni-gaudi\/?p=5954"},"modified":"2023-05-05T10:20:25","modified_gmt":"2023-05-05T08:20:25","slug":"diada-de-sant-jordi-a-infantil-2","status":"publish","type":"post","link":"https:\/\/agora.xtec.cat\/ceip-antoni-gaudi\/general\/diada-de-sant-jordi-a-infantil-2\/","title":{"rendered":"Diada de Sant Jordi a Infantil"},"content":{"rendered":"<p style=\"text-align: justify;\">El dilluns tota l&#8217;escola va celebrar la diada de <strong><span style=\"color: #339966;\">S<\/span><span style=\"color: #ff0000;\">a<\/span><span style=\"color: #339966;\">n<\/span><span style=\"color: #ff0000;\">t<\/span> <span style=\"color: #339966;\">J<\/span><span style=\"color: #ff0000;\">o<\/span><span style=\"color: #339966;\">r<\/span><span style=\"color: #ff0000;\">d<\/span><span style=\"color: #339966;\">i<\/span><\/strong> \ud83d\udc09\ud83c\udf39\ud83d\udcd8 amb m\u00faltiples activitats. Al mat\u00ed, els m\u00e9s petits de l&#8217;escola vam anar a la pla\u00e7a de l&#8217;ajuntament a escoltar un conte a c\u00e0rrec de la <strong>M\u00f2nica Torra<\/strong> \ud83d\udde8. A la tarda, els infants d&#8217;<strong><span style=\"color: #0000ff;\">I5<\/span>, <span style=\"color: #ff0000;\">3r<\/span> i <span style=\"color: #ff00ff;\">5\u00e8<\/span><\/strong> ens van fer un ball t\u00edpic dirigit per la mestra de m\u00fasica i va haver-hi el <strong>certamen<\/strong>, ja que s&#8217;havien d&#8217;entregar els premis per als millors dibuixos i escrits\u270d de Sant Jordi!<\/p>\n<p style=\"text-align: justify;\">Cliqueu per a \u2795\ud83d\udcf8:<\/p>\n<p><a href=\"https:\/\/photos.app.goo.gl\/pPnp4Budv85KdAPu5\"><img loading=\"lazy\" decoding=\"async\" class=\"aligncenter size-medium wp-image-5958\" src=\"https:\/\/agora.xtec.cat\/ceip-antoni-gaudi\/wp-content\/uploads\/usu683\/2023\/04\/1682332093191-300x199.jpg\" alt=\"\" width=\"300\" height=\"199\" srcset=\"https:\/\/agora.xtec.cat\/ceip-antoni-gaudi\/wp-content\/uploads\/usu683\/2023\/04\/1682332093191-300x199.jpg 300w, https:\/\/agora.xtec.cat\/ceip-antoni-gaudi\/wp-content\/uploads\/usu683\/2023\/04\/1682332093191-1024x678.jpg 1024w, https:\/\/agora.xtec.cat\/ceip-antoni-gaudi\/wp-content\/uploads\/usu683\/2023\/04\/1682332093191-768x508.jpg 768w, https:\/\/agora.xtec.cat\/ceip-antoni-gaudi\/wp-content\/uploads\/usu683\/2023\/04\/1682332093191-1536x1017.jpg 1536w, https:\/\/agora.xtec.cat\/ceip-antoni-gaudi\/wp-content\/uploads\/usu683\/2023\/04\/1682332093191-2048x1356.jpg 2048w\" sizes=\"auto, (max-width: 300px) 100vw, 300px\" \/><\/a><\/p>\n","protected":false},"excerpt":{"rendered":"<p>El dilluns tota l&#8217;escola va celebrar la diada de Sant Jordi \ud83d\udc09\ud83c\udf39\ud83d\udcd8 amb m\u00faltiples activitats. Al mat\u00ed, els m\u00e9s petits de l&#8217;escola vam anar a la pla\u00e7a de l&#8217;ajuntament a escoltar un conte a c\u00e0rrec de la M\u00f2nica Torra \ud83d\udde8. A la tarda, els infants&hellip;  <a href=\"https:\/\/agora.xtec.cat\/ceip-antoni-gaudi\/general\/diada-de-sant-jordi-a-infantil-2\/\" title=\"Read Diada de Sant Jordi a Infantil\">Llegeix m\u00e9s\u00bb<\/a><\/p>\n","protected":false},"author":6,"featured_media":0,"comment_status":"open","ping_status":"closed","sticky":false,"template":"","format":"standard","meta":{"_bbp_topic_count":0,"_bbp_reply_count":0,"_bbp_total_topic_count":0,"_bbp_total_reply_count":0,"_bbp_voice_count":0,"_bbp_anonymous_reply_count":0,"_bbp_topic_count_hidden":0,"_bbp_reply_count_hidden":0,"_bbp_forum_subforum_count":0,"footnotes":""},"categories":[1,3,8,9,2,4,229],"tags":[],"class_list":["post-5954","post","type-post","status-publish","format-standard","hentry","category-general","category-i3","category-i4","category-i5","category-infantil","category-portada","category-portada-portada"],"post_mailing_queue_ids":[],"_links":{"self":[{"href":"https:\/\/agora.xtec.cat\/ceip-antoni-gaudi\/wp-json\/wp\/v2\/posts\/5954","targetHints":{"allow":["GET"]}}],"collection":[{"href":"https:\/\/agora.xtec.cat\/ceip-antoni-gaudi\/wp-json\/wp\/v2\/posts"}],"about":[{"href":"https:\/\/agora.xtec.cat\/ceip-antoni-gaudi\/wp-json\/wp\/v2\/types\/post"}],"author":[{"embeddable":true,"href":"https:\/\/agora.xtec.cat\/ceip-antoni-gaudi\/wp-json\/wp\/v2\/users\/6"}],"replies":[{"embeddable":true,"href":"https:\/\/agora.xtec.cat\/ceip-antoni-gaudi\/wp-json\/wp\/v2\/comments?post=5954"}],"version-history":[{"count":3,"href":"https:\/\/agora.xtec.cat\/ceip-antoni-gaudi\/wp-json\/wp\/v2\/posts\/5954\/revisions"}],"predecessor-version":[{"id":5980,"href":"https:\/\/agora.xtec.cat\/ceip-antoni-gaudi\/wp-json\/wp\/v2\/posts\/5954\/revisions\/5980"}],"wp:attachment":[{"href":"https:\/\/agora.xtec.cat\/ceip-antoni-gaudi\/wp-json\/wp\/v2\/media?parent=5954"}],"wp:term":[{"taxonomy":"category","embeddable":true,"href":"https:\/\/agora.xtec.cat\/ceip-antoni-gaudi\/wp-json\/wp\/v2\/categories?post=5954"},{"taxonomy":"post_tag","embeddable":true,"href":"https:\/\/agora.xtec.cat\/ceip-antoni-gaudi\/wp-json\/wp\/v2\/tags?post=5954"}],"curies":[{"name":"wp","href":"https:\/\/api.w.org\/{rel}","templated":true}]}}