{"id":5950,"date":"2023-04-27T09:38:07","date_gmt":"2023-04-27T07:38:07","guid":{"rendered":"https:\/\/agora.xtec.cat\/ceip-antoni-gaudi\/?p=5950"},"modified":"2023-04-27T09:38:07","modified_gmt":"2023-04-27T07:38:07","slug":"diada-de-sant-jordi-a-grans","status":"publish","type":"post","link":"https:\/\/agora.xtec.cat\/ceip-antoni-gaudi\/general\/diada-de-sant-jordi-a-grans\/","title":{"rendered":"Diada de Sant Jordi a grans !"},"content":{"rendered":"<p>Aquest dilluns 24 d&#8217;abril, a l&#8217;escola Antoni Gaud\u00ed vam celebrar la Diada de Sant Jordi.<br \/>\nDurant el mat\u00ed es van realitzar diferents activitats, vam comen\u00e7ar amb un Scape Room on totes les proves estaven relacionades amb el dia del llibre.<br \/>\nM\u00e9s tard l&#8217;alumnat va crear un punt de llibre per regalar-li al seu amic o amiga invisible, cadasc\u00fa va fer volar la imaginaci\u00f3\u00a0 i va decorar el punt de llibre de la millor manera possible.<\/p>\n<p>A la tarda tota l&#8217;escola va gaudir del certamen literari on els infants van rebre els seus premis, i a m\u00e9s alguns dels nostres alumnes van fer uns balls t\u00edpics. Els nens i nenes d&#8217;I5 van fer el ball de picarols, els de 3r van fer el ball de bastons, i els de 5\u00e8 van fer el ball de cintes.<\/p>\n<p>Va ser una molt bona diada de Sant Jordi per a tots i totes.<\/p>\n<p>Cliqueu per veure \ud83d\udcf8<\/p>\n<p>&nbsp;<\/p>\n<table style=\"width: 100%; border-collapse: collapse; border-style: none;\">\n<tbody>\n<tr>\n<td style=\"width: 33.3333%; border-style: none;\"><a href=\"https:\/\/photos.app.goo.gl\/QmxC4JUCQnszCBhX7\"><img loading=\"lazy\" decoding=\"async\" class=\"alignnone size-medium wp-image-5044\" src=\"https:\/\/agora.xtec.cat\/ceip-antoni-gaudi\/wp-content\/uploads\/usu683\/2022\/10\/Diseno-sin-titulo-1-212x300.png\" alt=\"\" width=\"212\" height=\"300\" srcset=\"https:\/\/agora.xtec.cat\/ceip-antoni-gaudi\/wp-content\/uploads\/usu683\/2022\/10\/Diseno-sin-titulo-1-212x300.png 212w, https:\/\/agora.xtec.cat\/ceip-antoni-gaudi\/wp-content\/uploads\/usu683\/2022\/10\/Diseno-sin-titulo-1-724x1024.png 724w, https:\/\/agora.xtec.cat\/ceip-antoni-gaudi\/wp-content\/uploads\/usu683\/2022\/10\/Diseno-sin-titulo-1-768x1086.png 768w, https:\/\/agora.xtec.cat\/ceip-antoni-gaudi\/wp-content\/uploads\/usu683\/2022\/10\/Diseno-sin-titulo-1-1086x1536.png 1086w, https:\/\/agora.xtec.cat\/ceip-antoni-gaudi\/wp-content\/uploads\/usu683\/2022\/10\/Diseno-sin-titulo-1.png 1414w\" sizes=\"auto, (max-width: 212px) 100vw, 212px\" \/><\/a><\/td>\n<td style=\"width: 33.3333%; border-style: none;\"><a href=\"https:\/\/photos.app.goo.gl\/jHQZe47d8XAzT9jB8\"><img loading=\"lazy\" decoding=\"async\" class=\"alignnone size-medium wp-image-5043\" src=\"https:\/\/agora.xtec.cat\/ceip-antoni-gaudi\/wp-content\/uploads\/usu683\/2022\/10\/e-1-212x300.png\" alt=\"\" width=\"212\" height=\"300\" srcset=\"https:\/\/agora.xtec.cat\/ceip-antoni-gaudi\/wp-content\/uploads\/usu683\/2022\/10\/e-1-212x300.png 212w, https:\/\/agora.xtec.cat\/ceip-antoni-gaudi\/wp-content\/uploads\/usu683\/2022\/10\/e-1-724x1024.png 724w, https:\/\/agora.xtec.cat\/ceip-antoni-gaudi\/wp-content\/uploads\/usu683\/2022\/10\/e-1-768x1086.png 768w, https:\/\/agora.xtec.cat\/ceip-antoni-gaudi\/wp-content\/uploads\/usu683\/2022\/10\/e-1-1086x1536.png 1086w, https:\/\/agora.xtec.cat\/ceip-antoni-gaudi\/wp-content\/uploads\/usu683\/2022\/10\/e-1.png 1414w\" sizes=\"auto, (max-width: 212px) 100vw, 212px\" \/><\/a><\/td>\n<td style=\"width: 33.3333%; border-style: none;\"><a href=\"https:\/\/photos.app.goo.gl\/f9YKpTCZ77oJC2aM6\"><img loading=\"lazy\" decoding=\"async\" class=\"alignnone size-medium wp-image-5194\" src=\"https:\/\/agora.xtec.cat\/ceip-antoni-gaudi\/wp-content\/uploads\/usu683\/2022\/10\/Anadir-un-titulo-212x300.png\" alt=\"\" width=\"212\" height=\"300\" srcset=\"https:\/\/agora.xtec.cat\/ceip-antoni-gaudi\/wp-content\/uploads\/usu683\/2022\/10\/Anadir-un-titulo-212x300.png 212w, https:\/\/agora.xtec.cat\/ceip-antoni-gaudi\/wp-content\/uploads\/usu683\/2022\/10\/Anadir-un-titulo-724x1024.png 724w, https:\/\/agora.xtec.cat\/ceip-antoni-gaudi\/wp-content\/uploads\/usu683\/2022\/10\/Anadir-un-titulo-768x1086.png 768w, https:\/\/agora.xtec.cat\/ceip-antoni-gaudi\/wp-content\/uploads\/usu683\/2022\/10\/Anadir-un-titulo-1086x1536.png 1086w, https:\/\/agora.xtec.cat\/ceip-antoni-gaudi\/wp-content\/uploads\/usu683\/2022\/10\/Anadir-un-titulo.png 1414w\" sizes=\"auto, (max-width: 212px) 100vw, 212px\" \/><\/a><\/td>\n<\/tr>\n<\/tbody>\n<\/table>\n<p>&nbsp;<\/p>\n","protected":false},"excerpt":{"rendered":"<p>Aquest dilluns 24 d&#8217;abril, a l&#8217;escola Antoni Gaud\u00ed vam celebrar la Diada de Sant Jordi.<br \/>\nDurant el mat\u00ed es van realitzar diferents activitats, vam comen\u00e7ar amb un Scape Room on totes les proves estaven relacionades amb el dia del llibre.<br \/>\nM\u00e9s tard l&#8217;alumnat va crear un punt&hellip;  <a href=\"https:\/\/agora.xtec.cat\/ceip-antoni-gaudi\/general\/diada-de-sant-jordi-a-grans\/\" title=\"Read Diada de Sant Jordi a grans !\">Llegeix m\u00e9s\u00bb<\/a><\/p>\n","protected":false},"author":5,"featured_media":0,"comment_status":"open","ping_status":"closed","sticky":false,"template":"","format":"standard","meta":{"_bbp_topic_count":0,"_bbp_reply_count":0,"_bbp_total_topic_count":0,"_bbp_total_reply_count":0,"_bbp_voice_count":0,"_bbp_anonymous_reply_count":0,"_bbp_topic_count_hidden":0,"_bbp_reply_count_hidden":0,"_bbp_forum_subforum_count":0,"footnotes":""},"categories":[1,13,14,15,4,229,5],"tags":[],"class_list":["post-5950","post","type-post","status-publish","format-standard","hentry","category-general","category-p4","category-p5","category-p6","category-portada","category-portada-portada","category-primaria"],"post_mailing_queue_ids":[],"_links":{"self":[{"href":"https:\/\/agora.xtec.cat\/ceip-antoni-gaudi\/wp-json\/wp\/v2\/posts\/5950","targetHints":{"allow":["GET"]}}],"collection":[{"href":"https:\/\/agora.xtec.cat\/ceip-antoni-gaudi\/wp-json\/wp\/v2\/posts"}],"about":[{"href":"https:\/\/agora.xtec.cat\/ceip-antoni-gaudi\/wp-json\/wp\/v2\/types\/post"}],"author":[{"embeddable":true,"href":"https:\/\/agora.xtec.cat\/ceip-antoni-gaudi\/wp-json\/wp\/v2\/users\/5"}],"replies":[{"embeddable":true,"href":"https:\/\/agora.xtec.cat\/ceip-antoni-gaudi\/wp-json\/wp\/v2\/comments?post=5950"}],"version-history":[{"count":3,"href":"https:\/\/agora.xtec.cat\/ceip-antoni-gaudi\/wp-json\/wp\/v2\/posts\/5950\/revisions"}],"predecessor-version":[{"id":5957,"href":"https:\/\/agora.xtec.cat\/ceip-antoni-gaudi\/wp-json\/wp\/v2\/posts\/5950\/revisions\/5957"}],"wp:attachment":[{"href":"https:\/\/agora.xtec.cat\/ceip-antoni-gaudi\/wp-json\/wp\/v2\/media?parent=5950"}],"wp:term":[{"taxonomy":"category","embeddable":true,"href":"https:\/\/agora.xtec.cat\/ceip-antoni-gaudi\/wp-json\/wp\/v2\/categories?post=5950"},{"taxonomy":"post_tag","embeddable":true,"href":"https:\/\/agora.xtec.cat\/ceip-antoni-gaudi\/wp-json\/wp\/v2\/tags?post=5950"}],"curies":[{"name":"wp","href":"https:\/\/api.w.org\/{rel}","templated":true}]}}