{"id":5946,"date":"2023-04-24T17:00:44","date_gmt":"2023-04-24T15:00:44","guid":{"rendered":"https:\/\/agora.xtec.cat\/ceip-antoni-gaudi\/?p=5946"},"modified":"2023-04-24T14:30:31","modified_gmt":"2023-04-24T12:30:31","slug":"mitjans-celebrem-sant-jordi","status":"publish","type":"post","link":"https:\/\/agora.xtec.cat\/ceip-antoni-gaudi\/portada\/mitjans-celebrem-sant-jordi\/","title":{"rendered":"Mitjans celebrem Sant Jordi"},"content":{"rendered":"<p>Avui els alumnes de 1r, 2n i 3r hem anat a la pla\u00e7a de l&#8217;ajuntament a llegir els nostres escrits. Hem compartit una estona agradable de lectura en veu alta amb els companys de les escoles Garcia Lorca i Montbou. A continuaci\u00f3 hem realitzat un taller en el que hem constru\u00eft el drac de Sant Jordi. Per \u00faltim, a la tarda, hem fet la celebraci\u00f3 de la diada amb els nostres companys d&#8217;escola i hem gaudit dels balls tradicionals que, com cada curs, la mestra de m\u00fasica (N\u00faria) ha preparat. Mireu les fotos!<\/p>\n<p><a href=\"https:\/\/photos.app.goo.gl\/o7dniM5rX933Aj1N8\" target=\"_blank\" rel=\"noopener\"><img loading=\"lazy\" decoding=\"async\" class=\"aligncenter wp-image-5947 size-medium\" src=\"https:\/\/agora.xtec.cat\/ceip-antoni-gaudi\/wp-content\/uploads\/usu683\/2023\/04\/20230424_093024-300x225.jpg\" alt=\"\" width=\"300\" height=\"225\" srcset=\"https:\/\/agora.xtec.cat\/ceip-antoni-gaudi\/wp-content\/uploads\/usu683\/2023\/04\/20230424_093024-300x225.jpg 300w, https:\/\/agora.xtec.cat\/ceip-antoni-gaudi\/wp-content\/uploads\/usu683\/2023\/04\/20230424_093024-1024x768.jpg 1024w, https:\/\/agora.xtec.cat\/ceip-antoni-gaudi\/wp-content\/uploads\/usu683\/2023\/04\/20230424_093024-768x576.jpg 768w, https:\/\/agora.xtec.cat\/ceip-antoni-gaudi\/wp-content\/uploads\/usu683\/2023\/04\/20230424_093024-1536x1152.jpg 1536w, https:\/\/agora.xtec.cat\/ceip-antoni-gaudi\/wp-content\/uploads\/usu683\/2023\/04\/20230424_093024-2048x1536.jpg 2048w, https:\/\/agora.xtec.cat\/ceip-antoni-gaudi\/wp-content\/uploads\/usu683\/2023\/04\/20230424_093024-200x150.jpg 200w\" sizes=\"auto, (max-width: 300px) 100vw, 300px\" \/><\/a><\/p>\n","protected":false},"excerpt":{"rendered":"<p>Avui els alumnes de 1r, 2n i 3r hem anat a la pla\u00e7a de l&#8217;ajuntament a llegir els nostres escrits. Hem compartit una estona agradable de lectura en veu alta amb els companys de les escoles Garcia Lorca i Montbou. A continuaci\u00f3 hem realitzat un&hellip;  <a href=\"https:\/\/agora.xtec.cat\/ceip-antoni-gaudi\/portada\/mitjans-celebrem-sant-jordi\/\" title=\"Read Mitjans celebrem Sant Jordi\">Llegeix m\u00e9s\u00bb<\/a><\/p>\n","protected":false},"author":4,"featured_media":0,"comment_status":"open","ping_status":"closed","sticky":false,"template":"","format":"standard","meta":{"_bbp_topic_count":0,"_bbp_reply_count":0,"_bbp_total_topic_count":0,"_bbp_total_reply_count":0,"_bbp_voice_count":0,"_bbp_anonymous_reply_count":0,"_bbp_topic_count_hidden":0,"_bbp_reply_count_hidden":0,"_bbp_forum_subforum_count":0,"footnotes":""},"categories":[10,11,12,4,229,5],"tags":[],"class_list":["post-5946","post","type-post","status-publish","format-standard","hentry","category-p1","category-p2","category-p3","category-portada","category-portada-portada","category-primaria"],"post_mailing_queue_ids":[],"_links":{"self":[{"href":"https:\/\/agora.xtec.cat\/ceip-antoni-gaudi\/wp-json\/wp\/v2\/posts\/5946","targetHints":{"allow":["GET"]}}],"collection":[{"href":"https:\/\/agora.xtec.cat\/ceip-antoni-gaudi\/wp-json\/wp\/v2\/posts"}],"about":[{"href":"https:\/\/agora.xtec.cat\/ceip-antoni-gaudi\/wp-json\/wp\/v2\/types\/post"}],"author":[{"embeddable":true,"href":"https:\/\/agora.xtec.cat\/ceip-antoni-gaudi\/wp-json\/wp\/v2\/users\/4"}],"replies":[{"embeddable":true,"href":"https:\/\/agora.xtec.cat\/ceip-antoni-gaudi\/wp-json\/wp\/v2\/comments?post=5946"}],"version-history":[{"count":2,"href":"https:\/\/agora.xtec.cat\/ceip-antoni-gaudi\/wp-json\/wp\/v2\/posts\/5946\/revisions"}],"predecessor-version":[{"id":5949,"href":"https:\/\/agora.xtec.cat\/ceip-antoni-gaudi\/wp-json\/wp\/v2\/posts\/5946\/revisions\/5949"}],"wp:attachment":[{"href":"https:\/\/agora.xtec.cat\/ceip-antoni-gaudi\/wp-json\/wp\/v2\/media?parent=5946"}],"wp:term":[{"taxonomy":"category","embeddable":true,"href":"https:\/\/agora.xtec.cat\/ceip-antoni-gaudi\/wp-json\/wp\/v2\/categories?post=5946"},{"taxonomy":"post_tag","embeddable":true,"href":"https:\/\/agora.xtec.cat\/ceip-antoni-gaudi\/wp-json\/wp\/v2\/tags?post=5946"}],"curies":[{"name":"wp","href":"https:\/\/api.w.org\/{rel}","templated":true}]}}