{"id":5944,"date":"2023-04-25T12:42:14","date_gmt":"2023-04-25T10:42:14","guid":{"rendered":"https:\/\/agora.xtec.cat\/ceip-antoni-gaudi\/?p=5944"},"modified":"2023-04-25T12:42:14","modified_gmt":"2023-04-25T10:42:14","slug":"els-infants-di3-representem-5-little-goats","status":"publish","type":"post","link":"https:\/\/agora.xtec.cat\/ceip-antoni-gaudi\/general\/els-infants-di3-representem-5-little-goats\/","title":{"rendered":"Els infants d&#8217;I3 representem &#8220;5 little goats&#8221;!"},"content":{"rendered":"<p>Els infants d&#8217;<span style=\"color: #ff00ff;\"><strong>I3<\/strong><\/span> vam estar treballant la can\u00e7\u00f3 de &#8220;<span style=\"color: #993300;\"><strong>5 little goats<\/strong><\/span>&#8221; \ud83d\udc10\ud83d\udc10\ud83d\udc10\ud83d\udc10\ud83d\udc10 a arrel de l&#8217;obra de les set cabretes i el llop que vam anar a veure al segon trimestre. Despr\u00e9s de varis assajos, alguns voluntaris van voler apar\u00e8ixer en el <strong>v\u00eddeo<\/strong> per fer de cabretes. Aqu\u00ed us deixem el resultat!<\/p>\n<p><a href=\"https:\/\/youtu.be\/j_GN6Zzsbvc\">\ud83d\udcfd\u00a0 https:\/\/youtu.be\/j_GN6Zzsbvc<\/a><\/p>\n","protected":false},"excerpt":{"rendered":"<p>Els infants d&#8217;I3 vam estar treballant la can\u00e7\u00f3 de &#8220;5 little goats&#8221; \ud83d\udc10\ud83d\udc10\ud83d\udc10\ud83d\udc10\ud83d\udc10 a arrel de l&#8217;obra de les set cabretes i el llop que vam anar a veure al segon trimestre. Despr\u00e9s de varis assajos, alguns voluntaris van voler apar\u00e8ixer en el v\u00eddeo per&hellip;  <a href=\"https:\/\/agora.xtec.cat\/ceip-antoni-gaudi\/general\/els-infants-di3-representem-5-little-goats\/\" title=\"Read Els infants d&#8217;I3 representem &#8220;5 little goats&#8221;!\">Llegeix m\u00e9s\u00bb<\/a><\/p>\n","protected":false},"author":6,"featured_media":5953,"comment_status":"open","ping_status":"closed","sticky":false,"template":"","format":"standard","meta":{"_bbp_topic_count":0,"_bbp_reply_count":0,"_bbp_total_topic_count":0,"_bbp_total_reply_count":0,"_bbp_voice_count":0,"_bbp_anonymous_reply_count":0,"_bbp_topic_count_hidden":0,"_bbp_reply_count_hidden":0,"_bbp_forum_subforum_count":0,"footnotes":""},"categories":[1,3,2,4,229],"tags":[],"class_list":["post-5944","post","type-post","status-publish","format-standard","has-post-thumbnail","hentry","category-general","category-i3","category-infantil","category-portada","category-portada-portada"],"post_mailing_queue_ids":[],"_links":{"self":[{"href":"https:\/\/agora.xtec.cat\/ceip-antoni-gaudi\/wp-json\/wp\/v2\/posts\/5944","targetHints":{"allow":["GET"]}}],"collection":[{"href":"https:\/\/agora.xtec.cat\/ceip-antoni-gaudi\/wp-json\/wp\/v2\/posts"}],"about":[{"href":"https:\/\/agora.xtec.cat\/ceip-antoni-gaudi\/wp-json\/wp\/v2\/types\/post"}],"author":[{"embeddable":true,"href":"https:\/\/agora.xtec.cat\/ceip-antoni-gaudi\/wp-json\/wp\/v2\/users\/6"}],"replies":[{"embeddable":true,"href":"https:\/\/agora.xtec.cat\/ceip-antoni-gaudi\/wp-json\/wp\/v2\/comments?post=5944"}],"version-history":[{"count":1,"href":"https:\/\/agora.xtec.cat\/ceip-antoni-gaudi\/wp-json\/wp\/v2\/posts\/5944\/revisions"}],"predecessor-version":[{"id":5945,"href":"https:\/\/agora.xtec.cat\/ceip-antoni-gaudi\/wp-json\/wp\/v2\/posts\/5944\/revisions\/5945"}],"wp:featuredmedia":[{"embeddable":true,"href":"https:\/\/agora.xtec.cat\/ceip-antoni-gaudi\/wp-json\/wp\/v2\/media\/5953"}],"wp:attachment":[{"href":"https:\/\/agora.xtec.cat\/ceip-antoni-gaudi\/wp-json\/wp\/v2\/media?parent=5944"}],"wp:term":[{"taxonomy":"category","embeddable":true,"href":"https:\/\/agora.xtec.cat\/ceip-antoni-gaudi\/wp-json\/wp\/v2\/categories?post=5944"},{"taxonomy":"post_tag","embeddable":true,"href":"https:\/\/agora.xtec.cat\/ceip-antoni-gaudi\/wp-json\/wp\/v2\/tags?post=5944"}],"curies":[{"name":"wp","href":"https:\/\/api.w.org\/{rel}","templated":true}]}}