{"id":5898,"date":"2023-03-29T09:30:37","date_gmt":"2023-03-29T07:30:37","guid":{"rendered":"https:\/\/agora.xtec.cat\/ceip-antoni-gaudi\/?p=5898"},"modified":"2023-03-28T21:27:52","modified_gmt":"2023-03-28T19:27:52","slug":"mitjans-som-de-colonies","status":"publish","type":"post","link":"https:\/\/agora.xtec.cat\/ceip-antoni-gaudi\/portada\/mitjans-som-de-colonies\/","title":{"rendered":"MITJANS SOM DE COL\u00d2NIES!!!"},"content":{"rendered":"<p>Ha arribat el gran dia i per fi marxem de col\u00f2nies!!! Anirem a Castellnou de Bages, a la casa &#8220;La Figuera&#8221;. Ens esperen tres dies plens d&#8217;emocions, jocs, activitats i, el que \u00e9s m\u00e9s important, records inoblidables que ens acompanyaran sempre. Esperem gaudir molt d&#8217;aquesta experi\u00e8ncia i \u00e9s per aix\u00f2 que us volem compartir una petita finestra des d&#8217;on pugueu veure un petit esb\u00f3s del nostre dia a dia. Cliqueu la imatge i ja veureu qu\u00e8 b\u00e9 que ens ho passem!<a href=\"https:\/\/photos.app.goo.gl\/QPQEX5ZPCr6Jac6N6\" target=\"_blank\" rel=\"noopener\"><img loading=\"lazy\" decoding=\"async\" class=\"aligncenter wp-image-5900\" src=\"https:\/\/agora.xtec.cat\/ceip-antoni-gaudi\/wp-content\/uploads\/usu683\/2023\/03\/acd2_la_figuera_024-300x113.jpg\" alt=\"\" width=\"459\" height=\"173\" srcset=\"https:\/\/agora.xtec.cat\/ceip-antoni-gaudi\/wp-content\/uploads\/usu683\/2023\/03\/acd2_la_figuera_024-300x113.jpg 300w, https:\/\/agora.xtec.cat\/ceip-antoni-gaudi\/wp-content\/uploads\/usu683\/2023\/03\/acd2_la_figuera_024.jpg 701w\" sizes=\"auto, (max-width: 459px) 100vw, 459px\" \/><\/a><\/p>\n<p>&nbsp;<\/p>\n","protected":false},"excerpt":{"rendered":"<p>Ha arribat el gran dia i per fi marxem de col\u00f2nies!!! Anirem a Castellnou de Bages, a la casa &#8220;La Figuera&#8221;. Ens esperen tres dies plens d&#8217;emocions, jocs, activitats i, el que \u00e9s m\u00e9s important, records inoblidables que ens acompanyaran sempre. Esperem gaudir molt d&#8217;aquesta&hellip;  <a href=\"https:\/\/agora.xtec.cat\/ceip-antoni-gaudi\/portada\/mitjans-som-de-colonies\/\" title=\"Read MITJANS SOM DE COL\u00d2NIES!!!\">Llegeix m\u00e9s\u00bb<\/a><\/p>\n","protected":false},"author":4,"featured_media":0,"comment_status":"open","ping_status":"closed","sticky":false,"template":"","format":"standard","meta":{"_bbp_topic_count":0,"_bbp_reply_count":0,"_bbp_total_topic_count":0,"_bbp_total_reply_count":0,"_bbp_voice_count":0,"_bbp_anonymous_reply_count":0,"_bbp_topic_count_hidden":0,"_bbp_reply_count_hidden":0,"_bbp_forum_subforum_count":0,"footnotes":""},"categories":[10,11,12,4,229,5],"tags":[],"class_list":["post-5898","post","type-post","status-publish","format-standard","hentry","category-p1","category-p2","category-p3","category-portada","category-portada-portada","category-primaria"],"post_mailing_queue_ids":[],"_links":{"self":[{"href":"https:\/\/agora.xtec.cat\/ceip-antoni-gaudi\/wp-json\/wp\/v2\/posts\/5898","targetHints":{"allow":["GET"]}}],"collection":[{"href":"https:\/\/agora.xtec.cat\/ceip-antoni-gaudi\/wp-json\/wp\/v2\/posts"}],"about":[{"href":"https:\/\/agora.xtec.cat\/ceip-antoni-gaudi\/wp-json\/wp\/v2\/types\/post"}],"author":[{"embeddable":true,"href":"https:\/\/agora.xtec.cat\/ceip-antoni-gaudi\/wp-json\/wp\/v2\/users\/4"}],"replies":[{"embeddable":true,"href":"https:\/\/agora.xtec.cat\/ceip-antoni-gaudi\/wp-json\/wp\/v2\/comments?post=5898"}],"version-history":[{"count":1,"href":"https:\/\/agora.xtec.cat\/ceip-antoni-gaudi\/wp-json\/wp\/v2\/posts\/5898\/revisions"}],"predecessor-version":[{"id":5901,"href":"https:\/\/agora.xtec.cat\/ceip-antoni-gaudi\/wp-json\/wp\/v2\/posts\/5898\/revisions\/5901"}],"wp:attachment":[{"href":"https:\/\/agora.xtec.cat\/ceip-antoni-gaudi\/wp-json\/wp\/v2\/media?parent=5898"}],"wp:term":[{"taxonomy":"category","embeddable":true,"href":"https:\/\/agora.xtec.cat\/ceip-antoni-gaudi\/wp-json\/wp\/v2\/categories?post=5898"},{"taxonomy":"post_tag","embeddable":true,"href":"https:\/\/agora.xtec.cat\/ceip-antoni-gaudi\/wp-json\/wp\/v2\/tags?post=5898"}],"curies":[{"name":"wp","href":"https:\/\/api.w.org\/{rel}","templated":true}]}}