{"id":5877,"date":"2023-03-30T09:07:03","date_gmt":"2023-03-30T07:07:03","guid":{"rendered":"https:\/\/agora.xtec.cat\/ceip-antoni-gaudi\/?p=5877"},"modified":"2023-03-30T09:07:03","modified_gmt":"2023-03-30T07:07:03","slug":"musica-a-5e","status":"publish","type":"post","link":"https:\/\/agora.xtec.cat\/ceip-antoni-gaudi\/general\/musica-a-5e\/","title":{"rendered":"M\u00fasica a 5\u00e8."},"content":{"rendered":"<p>Durant les darreres setmanes els i les alumnes de 5\u00e8 han aprofitat les estones de bon temps per sortir al pati i tocar la flauta.<br \/>\nTamb\u00e9 han comen\u00e7at a fer assaig del BALL DE CINTES, una dansa tradicional on es balla girant amb cintes al voltant d&#8217;un ballador central.\u00a0 Els infants gaudeixen molt aquestes estones i hi posen moltes ganes i il\u00b7lusi\u00f3 per a lluir aquest ball el dia de Sant Jordi.<\/p>\n<p>Cliqueu per veure m\u00e9s\ud83d\udcf8<\/p>\n<p><a href=\"https:\/\/photos.app.goo.gl\/ZQ1xXVTVRDedth6CA\"><img loading=\"lazy\" decoding=\"async\" class=\"alignnone wp-image-5904\" src=\"https:\/\/agora.xtec.cat\/ceip-antoni-gaudi\/wp-content\/uploads\/usu683\/2023\/03\/IMG_20230329_095320-300x225.jpg\" alt=\"\" width=\"382\" height=\"286\" srcset=\"https:\/\/agora.xtec.cat\/ceip-antoni-gaudi\/wp-content\/uploads\/usu683\/2023\/03\/IMG_20230329_095320-300x225.jpg 300w, https:\/\/agora.xtec.cat\/ceip-antoni-gaudi\/wp-content\/uploads\/usu683\/2023\/03\/IMG_20230329_095320-1024x768.jpg 1024w, https:\/\/agora.xtec.cat\/ceip-antoni-gaudi\/wp-content\/uploads\/usu683\/2023\/03\/IMG_20230329_095320-768x576.jpg 768w, https:\/\/agora.xtec.cat\/ceip-antoni-gaudi\/wp-content\/uploads\/usu683\/2023\/03\/IMG_20230329_095320-1536x1152.jpg 1536w, https:\/\/agora.xtec.cat\/ceip-antoni-gaudi\/wp-content\/uploads\/usu683\/2023\/03\/IMG_20230329_095320-2048x1536.jpg 2048w, https:\/\/agora.xtec.cat\/ceip-antoni-gaudi\/wp-content\/uploads\/usu683\/2023\/03\/IMG_20230329_095320-200x150.jpg 200w\" sizes=\"auto, (max-width: 382px) 100vw, 382px\" \/><\/a><\/p>\n<p>&nbsp;<\/p>\n","protected":false},"excerpt":{"rendered":"<p>Durant les darreres setmanes els i les alumnes de 5\u00e8 han aprofitat les estones de bon temps per sortir al pati i tocar la flauta.<br \/>\nTamb\u00e9 han comen\u00e7at a fer assaig del BALL DE CINTES, una dansa tradicional on es balla girant amb cintes al voltant&hellip;  <a href=\"https:\/\/agora.xtec.cat\/ceip-antoni-gaudi\/general\/musica-a-5e\/\" title=\"Read M\u00fasica a 5\u00e8.\">Llegeix m\u00e9s\u00bb<\/a><\/p>\n","protected":false},"author":5,"featured_media":0,"comment_status":"open","ping_status":"closed","sticky":false,"template":"","format":"standard","meta":{"_bbp_topic_count":0,"_bbp_reply_count":0,"_bbp_total_topic_count":0,"_bbp_total_reply_count":0,"_bbp_voice_count":0,"_bbp_anonymous_reply_count":0,"_bbp_topic_count_hidden":0,"_bbp_reply_count_hidden":0,"_bbp_forum_subforum_count":0,"footnotes":""},"categories":[1,14,4,229],"tags":[],"class_list":["post-5877","post","type-post","status-publish","format-standard","hentry","category-general","category-p5","category-portada","category-portada-portada"],"post_mailing_queue_ids":[],"_links":{"self":[{"href":"https:\/\/agora.xtec.cat\/ceip-antoni-gaudi\/wp-json\/wp\/v2\/posts\/5877","targetHints":{"allow":["GET"]}}],"collection":[{"href":"https:\/\/agora.xtec.cat\/ceip-antoni-gaudi\/wp-json\/wp\/v2\/posts"}],"about":[{"href":"https:\/\/agora.xtec.cat\/ceip-antoni-gaudi\/wp-json\/wp\/v2\/types\/post"}],"author":[{"embeddable":true,"href":"https:\/\/agora.xtec.cat\/ceip-antoni-gaudi\/wp-json\/wp\/v2\/users\/5"}],"replies":[{"embeddable":true,"href":"https:\/\/agora.xtec.cat\/ceip-antoni-gaudi\/wp-json\/wp\/v2\/comments?post=5877"}],"version-history":[{"count":3,"href":"https:\/\/agora.xtec.cat\/ceip-antoni-gaudi\/wp-json\/wp\/v2\/posts\/5877\/revisions"}],"predecessor-version":[{"id":5906,"href":"https:\/\/agora.xtec.cat\/ceip-antoni-gaudi\/wp-json\/wp\/v2\/posts\/5877\/revisions\/5906"}],"wp:attachment":[{"href":"https:\/\/agora.xtec.cat\/ceip-antoni-gaudi\/wp-json\/wp\/v2\/media?parent=5877"}],"wp:term":[{"taxonomy":"category","embeddable":true,"href":"https:\/\/agora.xtec.cat\/ceip-antoni-gaudi\/wp-json\/wp\/v2\/categories?post=5877"},{"taxonomy":"post_tag","embeddable":true,"href":"https:\/\/agora.xtec.cat\/ceip-antoni-gaudi\/wp-json\/wp\/v2\/tags?post=5877"}],"curies":[{"name":"wp","href":"https:\/\/api.w.org\/{rel}","templated":true}]}}