{"id":5874,"date":"2023-03-30T09:24:32","date_gmt":"2023-03-30T07:24:32","guid":{"rendered":"https:\/\/agora.xtec.cat\/ceip-antoni-gaudi\/?p=5874"},"modified":"2023-03-30T09:24:32","modified_gmt":"2023-03-30T07:24:32","slug":"gimcana-dhistoria-a-6e","status":"publish","type":"post","link":"https:\/\/agora.xtec.cat\/ceip-antoni-gaudi\/general\/gimcana-dhistoria-a-6e\/","title":{"rendered":"GIMCANA D&#8217;HIST\u00d2RIA a 6\u00e8."},"content":{"rendered":"<p style=\"text-align: left;\">Els alumnes de 6\u00e8, van fer una gimcana per tancar els temes d&#8217;hist\u00f2ria i fer un rep\u00e0s de totes les etapes.<br \/>\nPer treballar la <strong>PREHIST\u00d2RIA<\/strong> van fer un joc de taula i un\u00a0<span class=\"hiddenSpellError\">quizz<\/span>, pel que fa a <strong>HIST\u00d2RIA ANTIGA<\/strong> van cercar monuments d&#8217;Egipte, de Gr\u00e8cia, de Roma i van escriure en forma de jerogl\u00edfic, per tancar amb l&#8217;<strong>EDAT MITJANA<\/strong> havien d&#8217;identificar les parts d&#8217;un castell i la pir\u00e0mide social. Per acabar van descobrir els aliments que a l&#8217;<strong>EDAT MODERNA<\/strong> van anar i venir d&#8217;Am\u00e8rica i van crear un men\u00fa amb aquests aliments, i un memori de personatges rellevants de l&#8217;<strong>EDAT CONTEMPOR\u00c0NIA.<\/strong><\/p>\n<p>Va ser un tancament del tema molt interessant i significatiu per als infants de 6\u00e8.<\/p>\n<p>Cliqueu per veure m\u00e9s \ud83d\udcf8<\/p>\n<p><a href=\"https:\/\/photos.app.goo.gl\/cbef7GXJVpKwV5yT7\"><img loading=\"lazy\" decoding=\"async\" class=\"alignnone wp-image-5907\" src=\"https:\/\/agora.xtec.cat\/ceip-antoni-gaudi\/wp-content\/uploads\/usu683\/2023\/03\/IMG-20230315-WA0015-300x225.jpg\" alt=\"\" width=\"351\" height=\"263\" srcset=\"https:\/\/agora.xtec.cat\/ceip-antoni-gaudi\/wp-content\/uploads\/usu683\/2023\/03\/IMG-20230315-WA0015-300x225.jpg 300w, https:\/\/agora.xtec.cat\/ceip-antoni-gaudi\/wp-content\/uploads\/usu683\/2023\/03\/IMG-20230315-WA0015-1024x769.jpg 1024w, https:\/\/agora.xtec.cat\/ceip-antoni-gaudi\/wp-content\/uploads\/usu683\/2023\/03\/IMG-20230315-WA0015-768x576.jpg 768w, https:\/\/agora.xtec.cat\/ceip-antoni-gaudi\/wp-content\/uploads\/usu683\/2023\/03\/IMG-20230315-WA0015-1536x1153.jpg 1536w, https:\/\/agora.xtec.cat\/ceip-antoni-gaudi\/wp-content\/uploads\/usu683\/2023\/03\/IMG-20230315-WA0015-200x150.jpg 200w, https:\/\/agora.xtec.cat\/ceip-antoni-gaudi\/wp-content\/uploads\/usu683\/2023\/03\/IMG-20230315-WA0015.jpg 2048w\" sizes=\"auto, (max-width: 351px) 100vw, 351px\" \/><\/a><\/p>\n","protected":false},"excerpt":{"rendered":"<p>Els alumnes de 6\u00e8, van fer una gimcana per tancar els temes d&#8217;hist\u00f2ria i fer un rep\u00e0s de totes les etapes.<br \/>\nPer treballar la PREHIST\u00d2RIA van fer un joc de taula i un\u00a0quizz, pel que fa a HIST\u00d2RIA ANTIGA van cercar monuments d&#8217;Egipte, de Gr\u00e8cia, de&hellip;  <a href=\"https:\/\/agora.xtec.cat\/ceip-antoni-gaudi\/general\/gimcana-dhistoria-a-6e\/\" title=\"Read GIMCANA D&#8217;HIST\u00d2RIA a 6\u00e8.\">Llegeix m\u00e9s\u00bb<\/a><\/p>\n","protected":false},"author":5,"featured_media":0,"comment_status":"open","ping_status":"closed","sticky":false,"template":"","format":"standard","meta":{"_bbp_topic_count":0,"_bbp_reply_count":0,"_bbp_total_topic_count":0,"_bbp_total_reply_count":0,"_bbp_voice_count":0,"_bbp_anonymous_reply_count":0,"_bbp_topic_count_hidden":0,"_bbp_reply_count_hidden":0,"_bbp_forum_subforum_count":0,"footnotes":""},"categories":[1,15,4,229,5],"tags":[],"class_list":["post-5874","post","type-post","status-publish","format-standard","hentry","category-general","category-p6","category-portada","category-portada-portada","category-primaria"],"post_mailing_queue_ids":[],"_links":{"self":[{"href":"https:\/\/agora.xtec.cat\/ceip-antoni-gaudi\/wp-json\/wp\/v2\/posts\/5874","targetHints":{"allow":["GET"]}}],"collection":[{"href":"https:\/\/agora.xtec.cat\/ceip-antoni-gaudi\/wp-json\/wp\/v2\/posts"}],"about":[{"href":"https:\/\/agora.xtec.cat\/ceip-antoni-gaudi\/wp-json\/wp\/v2\/types\/post"}],"author":[{"embeddable":true,"href":"https:\/\/agora.xtec.cat\/ceip-antoni-gaudi\/wp-json\/wp\/v2\/users\/5"}],"replies":[{"embeddable":true,"href":"https:\/\/agora.xtec.cat\/ceip-antoni-gaudi\/wp-json\/wp\/v2\/comments?post=5874"}],"version-history":[{"count":3,"href":"https:\/\/agora.xtec.cat\/ceip-antoni-gaudi\/wp-json\/wp\/v2\/posts\/5874\/revisions"}],"predecessor-version":[{"id":5908,"href":"https:\/\/agora.xtec.cat\/ceip-antoni-gaudi\/wp-json\/wp\/v2\/posts\/5874\/revisions\/5908"}],"wp:attachment":[{"href":"https:\/\/agora.xtec.cat\/ceip-antoni-gaudi\/wp-json\/wp\/v2\/media?parent=5874"}],"wp:term":[{"taxonomy":"category","embeddable":true,"href":"https:\/\/agora.xtec.cat\/ceip-antoni-gaudi\/wp-json\/wp\/v2\/categories?post=5874"},{"taxonomy":"post_tag","embeddable":true,"href":"https:\/\/agora.xtec.cat\/ceip-antoni-gaudi\/wp-json\/wp\/v2\/tags?post=5874"}],"curies":[{"name":"wp","href":"https:\/\/api.w.org\/{rel}","templated":true}]}}