{"id":5836,"date":"2023-03-23T12:58:22","date_gmt":"2023-03-23T11:58:22","guid":{"rendered":"https:\/\/agora.xtec.cat\/ceip-antoni-gaudi\/?p=5836"},"modified":"2023-03-23T12:58:22","modified_gmt":"2023-03-23T11:58:22","slug":"a-5e-fem-de-fusters-per-preparar-la-nova-biblioteca","status":"publish","type":"post","link":"https:\/\/agora.xtec.cat\/ceip-antoni-gaudi\/general\/a-5e-fem-de-fusters-per-preparar-la-nova-biblioteca\/","title":{"rendered":"A 5\u00e8 fem de fusters per preparar la nova BIBLIOTECA!"},"content":{"rendered":"<p>Els nens i les nenes de<strong> 5\u00e8<\/strong> s&#8217;han transformat en <strong>fusters<\/strong> aquestes \u00faltimes setmanes, doncs el motiu \u00e9s preparar els mobles per la nova biblioteca de l&#8217;escola.<br \/>\nLa biblioteca \u00e9s un espai molt important fer <em>fomentar la lectura<\/em>, i des del centre s&#8217;ha decidit fer una transformaci\u00f3 i preparar un espai on vingui de gust llegir.<\/p>\n<p>Els encarregats d&#8217;enllestir els nous mobles de fusta han estat els infants de 5\u00e8, ells han estat els que han fet les tasques de <strong>polir i envernissar<\/strong>. Ha estat un treball molt interessant per a ells, ja que ara s\u00f3n conscients de tota la feina que porta crear un nou espai.<\/p>\n<p>Cliqueu per veure m\u00e9s\ud83d\udcf8<\/p>\n<p><a href=\"https:\/\/photos.app.goo.gl\/R1eFRjPXtiJGHvtt9\"><img loading=\"lazy\" decoding=\"async\" class=\"alignnone size-medium wp-image-5839\" src=\"https:\/\/agora.xtec.cat\/ceip-antoni-gaudi\/wp-content\/uploads\/usu683\/2023\/03\/IMG_20230321_163937-225x300.jpg\" alt=\"\" width=\"225\" height=\"300\" srcset=\"https:\/\/agora.xtec.cat\/ceip-antoni-gaudi\/wp-content\/uploads\/usu683\/2023\/03\/IMG_20230321_163937-225x300.jpg 225w, https:\/\/agora.xtec.cat\/ceip-antoni-gaudi\/wp-content\/uploads\/usu683\/2023\/03\/IMG_20230321_163937-768x1024.jpg 768w, https:\/\/agora.xtec.cat\/ceip-antoni-gaudi\/wp-content\/uploads\/usu683\/2023\/03\/IMG_20230321_163937-1152x1536.jpg 1152w, https:\/\/agora.xtec.cat\/ceip-antoni-gaudi\/wp-content\/uploads\/usu683\/2023\/03\/IMG_20230321_163937-1536x2048.jpg 1536w, https:\/\/agora.xtec.cat\/ceip-antoni-gaudi\/wp-content\/uploads\/usu683\/2023\/03\/IMG_20230321_163937-scaled.jpg 1920w\" sizes=\"auto, (max-width: 225px) 100vw, 225px\" \/><\/a><\/p>\n","protected":false},"excerpt":{"rendered":"<p>Els nens i les nenes de 5\u00e8 s&#8217;han transformat en fusters aquestes \u00faltimes setmanes, doncs el motiu \u00e9s preparar els mobles per la nova biblioteca de l&#8217;escola.<br \/>\nLa biblioteca \u00e9s un espai molt important fer fomentar la lectura, i des del centre s&#8217;ha decidit fer una&hellip;  <a href=\"https:\/\/agora.xtec.cat\/ceip-antoni-gaudi\/general\/a-5e-fem-de-fusters-per-preparar-la-nova-biblioteca\/\" title=\"Read A 5\u00e8 fem de fusters per preparar la nova BIBLIOTECA!\">Llegeix m\u00e9s\u00bb<\/a><\/p>\n","protected":false},"author":5,"featured_media":5839,"comment_status":"open","ping_status":"closed","sticky":false,"template":"","format":"standard","meta":{"_bbp_topic_count":0,"_bbp_reply_count":0,"_bbp_total_topic_count":0,"_bbp_total_reply_count":0,"_bbp_voice_count":0,"_bbp_anonymous_reply_count":0,"_bbp_topic_count_hidden":0,"_bbp_reply_count_hidden":0,"_bbp_forum_subforum_count":0,"footnotes":""},"categories":[1,14,4,229,5],"tags":[],"class_list":["post-5836","post","type-post","status-publish","format-standard","has-post-thumbnail","hentry","category-general","category-p5","category-portada","category-portada-portada","category-primaria"],"post_mailing_queue_ids":[],"_links":{"self":[{"href":"https:\/\/agora.xtec.cat\/ceip-antoni-gaudi\/wp-json\/wp\/v2\/posts\/5836","targetHints":{"allow":["GET"]}}],"collection":[{"href":"https:\/\/agora.xtec.cat\/ceip-antoni-gaudi\/wp-json\/wp\/v2\/posts"}],"about":[{"href":"https:\/\/agora.xtec.cat\/ceip-antoni-gaudi\/wp-json\/wp\/v2\/types\/post"}],"author":[{"embeddable":true,"href":"https:\/\/agora.xtec.cat\/ceip-antoni-gaudi\/wp-json\/wp\/v2\/users\/5"}],"replies":[{"embeddable":true,"href":"https:\/\/agora.xtec.cat\/ceip-antoni-gaudi\/wp-json\/wp\/v2\/comments?post=5836"}],"version-history":[{"count":1,"href":"https:\/\/agora.xtec.cat\/ceip-antoni-gaudi\/wp-json\/wp\/v2\/posts\/5836\/revisions"}],"predecessor-version":[{"id":5840,"href":"https:\/\/agora.xtec.cat\/ceip-antoni-gaudi\/wp-json\/wp\/v2\/posts\/5836\/revisions\/5840"}],"wp:featuredmedia":[{"embeddable":true,"href":"https:\/\/agora.xtec.cat\/ceip-antoni-gaudi\/wp-json\/wp\/v2\/media\/5839"}],"wp:attachment":[{"href":"https:\/\/agora.xtec.cat\/ceip-antoni-gaudi\/wp-json\/wp\/v2\/media?parent=5836"}],"wp:term":[{"taxonomy":"category","embeddable":true,"href":"https:\/\/agora.xtec.cat\/ceip-antoni-gaudi\/wp-json\/wp\/v2\/categories?post=5836"},{"taxonomy":"post_tag","embeddable":true,"href":"https:\/\/agora.xtec.cat\/ceip-antoni-gaudi\/wp-json\/wp\/v2\/tags?post=5836"}],"curies":[{"name":"wp","href":"https:\/\/api.w.org\/{rel}","templated":true}]}}