{"id":5821,"date":"2023-03-17T09:00:16","date_gmt":"2023-03-17T08:00:16","guid":{"rendered":"https:\/\/agora.xtec.cat\/ceip-antoni-gaudi\/?p=5821"},"modified":"2023-03-16T22:32:55","modified_gmt":"2023-03-16T21:32:55","slug":"i5-visita-la-biblioteca-mont-agora","status":"publish","type":"post","link":"https:\/\/agora.xtec.cat\/ceip-antoni-gaudi\/general\/i5-visita-la-biblioteca-mont-agora\/","title":{"rendered":"I5 visita la Biblioteca Mont-\u00c0gora!"},"content":{"rendered":"<p>Durant aquest trimestre, la <strong>Biblioteca Mont-\u00e0gora<\/strong>\u00a0 ens ha proporcionat diversos exemplars del conte <span style=\"color: #00ccff;\">L<\/span><span style=\"color: #ff00ff;\">A<\/span> <span style=\"color: #ffff00;\"><span style=\"color: #ff9900;\">M<\/span>A<span style=\"color: #00ff00;\">R<\/span><span style=\"color: #339966;\">I<\/span><span style=\"color: #99ccff;\">O<\/span><span style=\"color: #ff0000;\">N<\/span><span style=\"color: #cc99ff;\">A<\/span><\/span> <span style=\"color: #800080;\">I<\/span> <span style=\"color: #0000ff;\">E<\/span><span style=\"color: #ff9900;\">L<\/span><span style=\"color: #99cc00;\">S<\/span> <span style=\"color: #00ffff;\">S<\/span><span style=\"color: #00ff00;\">E<\/span><span style=\"color: #ffff00;\">U<\/span><span style=\"color: #ff99cc;\">S<\/span> <span style=\"color: #666699;\">M<\/span><span style=\"color: #cc99ff;\">O<\/span><span style=\"color: #00ccff;\">N<\/span><span style=\"color: #99cc00;\">S<\/span><span style=\"color: #ff6600;\">T<\/span><span style=\"color: #ffcc99;\">R<\/span><span style=\"color: #ff00ff;\">E<\/span><span style=\"color: #ff0000;\">S<\/span> de l&#8217;<strong>Oriol Malet<\/strong> per treballar a l&#8217;aula, un \u00e0lbum il\u00b7lustrat sense mots que ens ha fet volar la imaginaci\u00f3. A m\u00e9s a m\u00e9s, aquest dilluns hem visitat la biblioteca del nostre poble per fer activitats relacionades amb aquest tema \ud83d\udcd6\ud83d\udcda<\/p>\n<p>Molt agra\u00efdes sempre amb la col\u00b7laboraci\u00f3 i tracte que rebem!<\/p>\n<p>Podeu veure el recull de fotografies clicant a la seg\u00fcent \ud83d\udcf8<\/p>\n<p><a href=\"https:\/\/photos.app.goo.gl\/xK5oG5oyKRFsB8dq5\"><img loading=\"lazy\" decoding=\"async\" class=\"aligncenter size-medium wp-image-5827\" src=\"https:\/\/agora.xtec.cat\/ceip-antoni-gaudi\/wp-content\/uploads\/usu683\/2023\/03\/1678792579586-300x225.jpg\" alt=\"\" width=\"300\" height=\"225\" srcset=\"https:\/\/agora.xtec.cat\/ceip-antoni-gaudi\/wp-content\/uploads\/usu683\/2023\/03\/1678792579586-300x225.jpg 300w, https:\/\/agora.xtec.cat\/ceip-antoni-gaudi\/wp-content\/uploads\/usu683\/2023\/03\/1678792579586-768x576.jpg 768w, https:\/\/agora.xtec.cat\/ceip-antoni-gaudi\/wp-content\/uploads\/usu683\/2023\/03\/1678792579586-200x150.jpg 200w, https:\/\/agora.xtec.cat\/ceip-antoni-gaudi\/wp-content\/uploads\/usu683\/2023\/03\/1678792579586.jpg 1024w\" sizes=\"auto, (max-width: 300px) 100vw, 300px\" \/><\/a><\/p>\n","protected":false},"excerpt":{"rendered":"<p>Durant aquest trimestre, la Biblioteca Mont-\u00e0gora\u00a0 ens ha proporcionat diversos exemplars del conte LA MARIONA I ELS SEUS MONSTRES de l&#8217;Oriol Malet per treballar a l&#8217;aula, un \u00e0lbum il\u00b7lustrat sense mots que ens ha fet volar la imaginaci\u00f3. A m\u00e9s a m\u00e9s, aquest dilluns hem&hellip;  <a href=\"https:\/\/agora.xtec.cat\/ceip-antoni-gaudi\/general\/i5-visita-la-biblioteca-mont-agora\/\" title=\"Read I5 visita la Biblioteca Mont-\u00c0gora!\">Llegeix m\u00e9s\u00bb<\/a><\/p>\n","protected":false},"author":6,"featured_media":0,"comment_status":"open","ping_status":"closed","sticky":false,"template":"","format":"standard","meta":{"_bbp_topic_count":0,"_bbp_reply_count":0,"_bbp_total_topic_count":0,"_bbp_total_reply_count":0,"_bbp_voice_count":0,"_bbp_anonymous_reply_count":0,"_bbp_topic_count_hidden":0,"_bbp_reply_count_hidden":0,"_bbp_forum_subforum_count":0,"footnotes":""},"categories":[1,9,2,4,229],"tags":[],"class_list":["post-5821","post","type-post","status-publish","format-standard","hentry","category-general","category-i5","category-infantil","category-portada","category-portada-portada"],"post_mailing_queue_ids":[],"_links":{"self":[{"href":"https:\/\/agora.xtec.cat\/ceip-antoni-gaudi\/wp-json\/wp\/v2\/posts\/5821","targetHints":{"allow":["GET"]}}],"collection":[{"href":"https:\/\/agora.xtec.cat\/ceip-antoni-gaudi\/wp-json\/wp\/v2\/posts"}],"about":[{"href":"https:\/\/agora.xtec.cat\/ceip-antoni-gaudi\/wp-json\/wp\/v2\/types\/post"}],"author":[{"embeddable":true,"href":"https:\/\/agora.xtec.cat\/ceip-antoni-gaudi\/wp-json\/wp\/v2\/users\/6"}],"replies":[{"embeddable":true,"href":"https:\/\/agora.xtec.cat\/ceip-antoni-gaudi\/wp-json\/wp\/v2\/comments?post=5821"}],"version-history":[{"count":3,"href":"https:\/\/agora.xtec.cat\/ceip-antoni-gaudi\/wp-json\/wp\/v2\/posts\/5821\/revisions"}],"predecessor-version":[{"id":5829,"href":"https:\/\/agora.xtec.cat\/ceip-antoni-gaudi\/wp-json\/wp\/v2\/posts\/5821\/revisions\/5829"}],"wp:attachment":[{"href":"https:\/\/agora.xtec.cat\/ceip-antoni-gaudi\/wp-json\/wp\/v2\/media?parent=5821"}],"wp:term":[{"taxonomy":"category","embeddable":true,"href":"https:\/\/agora.xtec.cat\/ceip-antoni-gaudi\/wp-json\/wp\/v2\/categories?post=5821"},{"taxonomy":"post_tag","embeddable":true,"href":"https:\/\/agora.xtec.cat\/ceip-antoni-gaudi\/wp-json\/wp\/v2\/tags?post=5821"}],"curies":[{"name":"wp","href":"https:\/\/api.w.org\/{rel}","templated":true}]}}