{"id":5814,"date":"2023-03-16T09:59:23","date_gmt":"2023-03-16T08:59:23","guid":{"rendered":"https:\/\/agora.xtec.cat\/ceip-antoni-gaudi\/?p=5814"},"modified":"2023-03-16T09:59:43","modified_gmt":"2023-03-16T08:59:43","slug":"visita-als-dracs-i-als-diables-de-montbui","status":"publish","type":"post","link":"https:\/\/agora.xtec.cat\/ceip-antoni-gaudi\/general\/visita-als-dracs-i-als-diables-de-montbui\/","title":{"rendered":"Visita als DRACS i DIABLES de Montbui!"},"content":{"rendered":"<p>L&#8217;alumnat de 5\u00e8 va fer una visita als Dracs\ud83d\udc32 i als Diables \ud83d\udc79de Montbui, van anar caminant fins al nucli antic de Montbui. Un cop all\u00e0 ens van rebre a l&#8217;Ateneu on van poder veure i posar-se el drac petit que surt amb el grup dels diables, tamb\u00e9 van veure el drac m\u00e9s gran al magatzem. A m\u00e9s a m\u00e9s, un integrant del grup dels diables va fer una explicaci\u00f3 sobre tot el relacionat amb els diables: vestuari, forques, balls&#8230;<\/p>\n<p>Va ser molt emocionant pels nostres dracs i diables poder veure-ho tan a prop, i poder comprovar que la seva investigaci\u00f3 va ser molt encertada.<\/p>\n<p>Cliqueu per veure \ud83d\udcf8<\/p>\n<p><a href=\"https:\/\/photos.app.goo.gl\/5Z3tWDKKz1c1qAx19\"><img loading=\"lazy\" decoding=\"async\" class=\"alignnone wp-image-5815\" src=\"https:\/\/agora.xtec.cat\/ceip-antoni-gaudi\/wp-content\/uploads\/usu683\/2023\/03\/IMG_20230301_103144-300x225.jpg\" alt=\"\" width=\"379\" height=\"284\" srcset=\"https:\/\/agora.xtec.cat\/ceip-antoni-gaudi\/wp-content\/uploads\/usu683\/2023\/03\/IMG_20230301_103144-300x225.jpg 300w, https:\/\/agora.xtec.cat\/ceip-antoni-gaudi\/wp-content\/uploads\/usu683\/2023\/03\/IMG_20230301_103144-1024x768.jpg 1024w, https:\/\/agora.xtec.cat\/ceip-antoni-gaudi\/wp-content\/uploads\/usu683\/2023\/03\/IMG_20230301_103144-768x576.jpg 768w, https:\/\/agora.xtec.cat\/ceip-antoni-gaudi\/wp-content\/uploads\/usu683\/2023\/03\/IMG_20230301_103144-1536x1152.jpg 1536w, https:\/\/agora.xtec.cat\/ceip-antoni-gaudi\/wp-content\/uploads\/usu683\/2023\/03\/IMG_20230301_103144-2048x1536.jpg 2048w, https:\/\/agora.xtec.cat\/ceip-antoni-gaudi\/wp-content\/uploads\/usu683\/2023\/03\/IMG_20230301_103144-200x150.jpg 200w\" sizes=\"auto, (max-width: 379px) 100vw, 379px\" \/><\/a><\/p>\n","protected":false},"excerpt":{"rendered":"<p>L&#8217;alumnat de 5\u00e8 va fer una visita als Dracs\ud83d\udc32 i als Diables \ud83d\udc79de Montbui, van anar caminant fins al nucli antic de Montbui. Un cop all\u00e0 ens van rebre a l&#8217;Ateneu on van poder veure i posar-se el drac petit que surt amb el grup&hellip;  <a href=\"https:\/\/agora.xtec.cat\/ceip-antoni-gaudi\/general\/visita-als-dracs-i-als-diables-de-montbui\/\" title=\"Read Visita als DRACS i DIABLES de Montbui!\">Llegeix m\u00e9s\u00bb<\/a><\/p>\n","protected":false},"author":5,"featured_media":0,"comment_status":"open","ping_status":"closed","sticky":false,"template":"","format":"standard","meta":{"_bbp_topic_count":0,"_bbp_reply_count":0,"_bbp_total_topic_count":0,"_bbp_total_reply_count":0,"_bbp_voice_count":0,"_bbp_anonymous_reply_count":0,"_bbp_topic_count_hidden":0,"_bbp_reply_count_hidden":0,"_bbp_forum_subforum_count":0,"footnotes":""},"categories":[1,14,4,229,5],"tags":[],"class_list":["post-5814","post","type-post","status-publish","format-standard","hentry","category-general","category-p5","category-portada","category-portada-portada","category-primaria"],"post_mailing_queue_ids":[],"_links":{"self":[{"href":"https:\/\/agora.xtec.cat\/ceip-antoni-gaudi\/wp-json\/wp\/v2\/posts\/5814","targetHints":{"allow":["GET"]}}],"collection":[{"href":"https:\/\/agora.xtec.cat\/ceip-antoni-gaudi\/wp-json\/wp\/v2\/posts"}],"about":[{"href":"https:\/\/agora.xtec.cat\/ceip-antoni-gaudi\/wp-json\/wp\/v2\/types\/post"}],"author":[{"embeddable":true,"href":"https:\/\/agora.xtec.cat\/ceip-antoni-gaudi\/wp-json\/wp\/v2\/users\/5"}],"replies":[{"embeddable":true,"href":"https:\/\/agora.xtec.cat\/ceip-antoni-gaudi\/wp-json\/wp\/v2\/comments?post=5814"}],"version-history":[{"count":4,"href":"https:\/\/agora.xtec.cat\/ceip-antoni-gaudi\/wp-json\/wp\/v2\/posts\/5814\/revisions"}],"predecessor-version":[{"id":5819,"href":"https:\/\/agora.xtec.cat\/ceip-antoni-gaudi\/wp-json\/wp\/v2\/posts\/5814\/revisions\/5819"}],"wp:attachment":[{"href":"https:\/\/agora.xtec.cat\/ceip-antoni-gaudi\/wp-json\/wp\/v2\/media?parent=5814"}],"wp:term":[{"taxonomy":"category","embeddable":true,"href":"https:\/\/agora.xtec.cat\/ceip-antoni-gaudi\/wp-json\/wp\/v2\/categories?post=5814"},{"taxonomy":"post_tag","embeddable":true,"href":"https:\/\/agora.xtec.cat\/ceip-antoni-gaudi\/wp-json\/wp\/v2\/tags?post=5814"}],"curies":[{"name":"wp","href":"https:\/\/api.w.org\/{rel}","templated":true}]}}