{"id":5785,"date":"2023-03-10T10:45:11","date_gmt":"2023-03-10T09:45:11","guid":{"rendered":"https:\/\/agora.xtec.cat\/ceip-antoni-gaudi\/?p=5785"},"modified":"2023-03-10T10:45:11","modified_gmt":"2023-03-10T09:45:11","slug":"gotes-daigua-a-plastica","status":"publish","type":"post","link":"https:\/\/agora.xtec.cat\/ceip-antoni-gaudi\/general\/gotes-daigua-a-plastica\/","title":{"rendered":"Gotes d&#8217;aigua a Pl\u00e0stica"},"content":{"rendered":"<p>Els nens i nens de Primer hem treballat diferents t\u00e8cniques a pl\u00e0stica, i aprofitant que arriba la primavera hem realitzat unes gotes d&#8217;aigua i les hem posat a l&#8217;aula d&#8217;ART per decorar-la. Ha quedat ben bonica!<\/p>\n<p>Per veure les fotografies, cliqueu sobre la imatge.<\/p>\n<p><a href=\"https:\/\/photos.app.goo.gl\/C4aREsm22WyhvCNCA\" target=\"_blank\" rel=\"noopener\"><img loading=\"lazy\" decoding=\"async\" class=\"aligncenter size-medium wp-image-5786\" src=\"https:\/\/agora.xtec.cat\/ceip-antoni-gaudi\/wp-content\/uploads\/usu683\/2023\/03\/WhatsApp-Image-2023-03-10-at-10.38.42-4-300x225.jpeg\" alt=\"\" width=\"300\" height=\"225\" srcset=\"https:\/\/agora.xtec.cat\/ceip-antoni-gaudi\/wp-content\/uploads\/usu683\/2023\/03\/WhatsApp-Image-2023-03-10-at-10.38.42-4-300x225.jpeg 300w, https:\/\/agora.xtec.cat\/ceip-antoni-gaudi\/wp-content\/uploads\/usu683\/2023\/03\/WhatsApp-Image-2023-03-10-at-10.38.42-4-768x576.jpeg 768w, https:\/\/agora.xtec.cat\/ceip-antoni-gaudi\/wp-content\/uploads\/usu683\/2023\/03\/WhatsApp-Image-2023-03-10-at-10.38.42-4-200x150.jpeg 200w, https:\/\/agora.xtec.cat\/ceip-antoni-gaudi\/wp-content\/uploads\/usu683\/2023\/03\/WhatsApp-Image-2023-03-10-at-10.38.42-4.jpeg 1024w\" sizes=\"auto, (max-width: 300px) 100vw, 300px\" \/><\/a><\/p>\n","protected":false},"excerpt":{"rendered":"<p>Els nens i nens de Primer hem treballat diferents t\u00e8cniques a pl\u00e0stica, i aprofitant que arriba la primavera hem realitzat unes gotes d&#8217;aigua i les hem posat a l&#8217;aula d&#8217;ART per decorar-la. Ha quedat ben bonica!<br \/>\nPer veure les fotografies, cliqueu sobre la imatge.<br \/>\n<a href=\"https:\/\/photos.app.goo.gl\/C4aREsm22WyhvCNCA\" target=\"_blank\"&hellip;  <a href=\"https:\/\/agora.xtec.cat\/ceip-antoni-gaudi\/general\/gotes-daigua-a-plastica\/\" title=\"Read Gotes d&#8217;aigua a Pl\u00e0stica\">Llegeix m\u00e9s\u00bb<\/a><\/p>\n","protected":false},"author":4,"featured_media":0,"comment_status":"open","ping_status":"closed","sticky":false,"template":"","format":"standard","meta":{"_bbp_topic_count":0,"_bbp_reply_count":0,"_bbp_total_topic_count":0,"_bbp_total_reply_count":0,"_bbp_voice_count":0,"_bbp_anonymous_reply_count":0,"_bbp_topic_count_hidden":0,"_bbp_reply_count_hidden":0,"_bbp_forum_subforum_count":0,"footnotes":""},"categories":[1,10,4,229,5],"tags":[],"class_list":["post-5785","post","type-post","status-publish","format-standard","hentry","category-general","category-p1","category-portada","category-portada-portada","category-primaria"],"post_mailing_queue_ids":[],"_links":{"self":[{"href":"https:\/\/agora.xtec.cat\/ceip-antoni-gaudi\/wp-json\/wp\/v2\/posts\/5785","targetHints":{"allow":["GET"]}}],"collection":[{"href":"https:\/\/agora.xtec.cat\/ceip-antoni-gaudi\/wp-json\/wp\/v2\/posts"}],"about":[{"href":"https:\/\/agora.xtec.cat\/ceip-antoni-gaudi\/wp-json\/wp\/v2\/types\/post"}],"author":[{"embeddable":true,"href":"https:\/\/agora.xtec.cat\/ceip-antoni-gaudi\/wp-json\/wp\/v2\/users\/4"}],"replies":[{"embeddable":true,"href":"https:\/\/agora.xtec.cat\/ceip-antoni-gaudi\/wp-json\/wp\/v2\/comments?post=5785"}],"version-history":[{"count":2,"href":"https:\/\/agora.xtec.cat\/ceip-antoni-gaudi\/wp-json\/wp\/v2\/posts\/5785\/revisions"}],"predecessor-version":[{"id":5788,"href":"https:\/\/agora.xtec.cat\/ceip-antoni-gaudi\/wp-json\/wp\/v2\/posts\/5785\/revisions\/5788"}],"wp:attachment":[{"href":"https:\/\/agora.xtec.cat\/ceip-antoni-gaudi\/wp-json\/wp\/v2\/media?parent=5785"}],"wp:term":[{"taxonomy":"category","embeddable":true,"href":"https:\/\/agora.xtec.cat\/ceip-antoni-gaudi\/wp-json\/wp\/v2\/categories?post=5785"},{"taxonomy":"post_tag","embeddable":true,"href":"https:\/\/agora.xtec.cat\/ceip-antoni-gaudi\/wp-json\/wp\/v2\/tags?post=5785"}],"curies":[{"name":"wp","href":"https:\/\/api.w.org\/{rel}","templated":true}]}}