{"id":5780,"date":"2023-03-10T09:23:18","date_gmt":"2023-03-10T08:23:18","guid":{"rendered":"https:\/\/agora.xtec.cat\/ceip-antoni-gaudi\/?p=5780"},"modified":"2023-03-10T09:23:46","modified_gmt":"2023-03-10T08:23:46","slug":"taller-vaig-net-i-estic-content","status":"publish","type":"post","link":"https:\/\/agora.xtec.cat\/ceip-antoni-gaudi\/general\/taller-vaig-net-i-estic-content\/","title":{"rendered":"Taller: &#8220;Vaig net i estic content&#8221;"},"content":{"rendered":"<p>El dimarts 7 de mar\u00e7, l&#8217;alumnat de 4rt de prim\u00e0ria vam fer un taller molt interessant sobre els h\u00e0bits d&#8217;higiene que cal tenir en compte.<\/p>\n<p>Vam aprendre molte<a href=\"https:\/\/photos.app.goo.gl\/zhRj5cvrKDx9vqUS7\"><img loading=\"lazy\" decoding=\"async\" class=\"size-medium wp-image-5781 alignleft\" src=\"https:\/\/agora.xtec.cat\/ceip-antoni-gaudi\/wp-content\/uploads\/usu683\/2023\/03\/IMG_20230307_105913-300x225.jpg\" alt=\"\" width=\"300\" height=\"225\" srcset=\"https:\/\/agora.xtec.cat\/ceip-antoni-gaudi\/wp-content\/uploads\/usu683\/2023\/03\/IMG_20230307_105913-300x225.jpg 300w, https:\/\/agora.xtec.cat\/ceip-antoni-gaudi\/wp-content\/uploads\/usu683\/2023\/03\/IMG_20230307_105913-1024x769.jpg 1024w, https:\/\/agora.xtec.cat\/ceip-antoni-gaudi\/wp-content\/uploads\/usu683\/2023\/03\/IMG_20230307_105913-768x577.jpg 768w, https:\/\/agora.xtec.cat\/ceip-antoni-gaudi\/wp-content\/uploads\/usu683\/2023\/03\/IMG_20230307_105913-1536x1153.jpg 1536w, https:\/\/agora.xtec.cat\/ceip-antoni-gaudi\/wp-content\/uploads\/usu683\/2023\/03\/IMG_20230307_105913-2048x1538.jpg 2048w, https:\/\/agora.xtec.cat\/ceip-antoni-gaudi\/wp-content\/uploads\/usu683\/2023\/03\/IMG_20230307_105913-200x150.jpg 200w\" sizes=\"auto, (max-width: 300px) 100vw, 300px\" \/><\/a>s coses sobre la higiene corporal, com ens hem de rentar b\u00e9, de quina manera ens podem desfer de moltes bact\u00e8ries, i diferents explicacions que ens va agradar saber.<\/p>\n<p>Per acabar, ens van ensenyar a fer pasta de dents casolana, una activitat on ens ho vam passar d&#8217;all\u00f2 m\u00e9s b\u00e9.<\/p>\n<p>Fent clic a la imatge, podreu veure les fotografies.\ud83d\udcf8<\/p>\n","protected":false},"excerpt":{"rendered":"<p>El dimarts 7 de mar\u00e7, l&#8217;alumnat de 4rt de prim\u00e0ria vam fer un taller molt interessant sobre els h\u00e0bits d&#8217;higiene que cal tenir en compte.<br \/>\nVam aprendre molte<a href=\"https:\/\/photos.app.goo.gl\/zhRj5cvrKDx9vqUS7\"><\/a>s coses sobre la higiene corporal, com ens hem de rentar b\u00e9, de quina manera ens podem desfer&hellip;  <a href=\"https:\/\/agora.xtec.cat\/ceip-antoni-gaudi\/general\/taller-vaig-net-i-estic-content\/\" title=\"Read Taller: &#8220;Vaig net i estic content&#8221;\">Llegeix m\u00e9s\u00bb<\/a><\/p>\n","protected":false},"author":5,"featured_media":0,"comment_status":"open","ping_status":"closed","sticky":false,"template":"","format":"standard","meta":{"_bbp_topic_count":0,"_bbp_reply_count":0,"_bbp_total_topic_count":0,"_bbp_total_reply_count":0,"_bbp_voice_count":0,"_bbp_anonymous_reply_count":0,"_bbp_topic_count_hidden":0,"_bbp_reply_count_hidden":0,"_bbp_forum_subforum_count":0,"footnotes":""},"categories":[1,13,4,229,5],"tags":[],"class_list":["post-5780","post","type-post","status-publish","format-standard","hentry","category-general","category-p4","category-portada","category-portada-portada","category-primaria"],"post_mailing_queue_ids":[],"_links":{"self":[{"href":"https:\/\/agora.xtec.cat\/ceip-antoni-gaudi\/wp-json\/wp\/v2\/posts\/5780","targetHints":{"allow":["GET"]}}],"collection":[{"href":"https:\/\/agora.xtec.cat\/ceip-antoni-gaudi\/wp-json\/wp\/v2\/posts"}],"about":[{"href":"https:\/\/agora.xtec.cat\/ceip-antoni-gaudi\/wp-json\/wp\/v2\/types\/post"}],"author":[{"embeddable":true,"href":"https:\/\/agora.xtec.cat\/ceip-antoni-gaudi\/wp-json\/wp\/v2\/users\/5"}],"replies":[{"embeddable":true,"href":"https:\/\/agora.xtec.cat\/ceip-antoni-gaudi\/wp-json\/wp\/v2\/comments?post=5780"}],"version-history":[{"count":3,"href":"https:\/\/agora.xtec.cat\/ceip-antoni-gaudi\/wp-json\/wp\/v2\/posts\/5780\/revisions"}],"predecessor-version":[{"id":5784,"href":"https:\/\/agora.xtec.cat\/ceip-antoni-gaudi\/wp-json\/wp\/v2\/posts\/5780\/revisions\/5784"}],"wp:attachment":[{"href":"https:\/\/agora.xtec.cat\/ceip-antoni-gaudi\/wp-json\/wp\/v2\/media?parent=5780"}],"wp:term":[{"taxonomy":"category","embeddable":true,"href":"https:\/\/agora.xtec.cat\/ceip-antoni-gaudi\/wp-json\/wp\/v2\/categories?post=5780"},{"taxonomy":"post_tag","embeddable":true,"href":"https:\/\/agora.xtec.cat\/ceip-antoni-gaudi\/wp-json\/wp\/v2\/tags?post=5780"}],"curies":[{"name":"wp","href":"https:\/\/api.w.org\/{rel}","templated":true}]}}