{"id":5763,"date":"2023-03-16T14:01:28","date_gmt":"2023-03-16T13:01:28","guid":{"rendered":"https:\/\/agora.xtec.cat\/ceip-antoni-gaudi\/?p=5763"},"modified":"2023-03-16T14:01:28","modified_gmt":"2023-03-16T13:01:28","slug":"racons-de-llengua-a-educacio-infantil","status":"publish","type":"post","link":"https:\/\/agora.xtec.cat\/ceip-antoni-gaudi\/general\/racons-de-llengua-a-educacio-infantil\/","title":{"rendered":"Racons de llengua a Educaci\u00f3 Infantil"},"content":{"rendered":"<p>Com vam exposar en l&#8217;article de &#8220;Racons de matem\u00e0tiques a Educaci\u00f3 Infantil&#8221;, el <span style=\"color: #0000ff;\">TREBALL PER RACONS<\/span> \u00e9s una de les <span style=\"color: #ff00ff;\">METODOLOGIES ACTIVES<\/span> que fem servir, en aquest cas, per treballar la lectoescriptura amb diferents propostes de manera m\u00e9s <span style=\"color: #99cc00;\">din\u00e0mica<\/span> i <span style=\"color: #339966;\">motivadora<\/span> per a tot l&#8217;alumnat en grups redu\u00efts.<\/p>\n<p>Us mostrem un tastet d&#8217;alguns racons de cada nivell clicant a la seva \ud83d\udcf8<a href=\"https:\/\/photos.app.goo.gl\/3Fg7p8BmYoKVGQP38\"><br \/>\n<img loading=\"lazy\" decoding=\"async\" class=\"aligncenter size-full wp-image-5767\" src=\"https:\/\/agora.xtec.cat\/ceip-antoni-gaudi\/wp-content\/uploads\/usu683\/2023\/03\/1.jpg\" alt=\"\" width=\"270\" height=\"214\" \/><\/a> <a href=\"https:\/\/photos.app.goo.gl\/1FAHZKY72E1FJ2qH8\"><img loading=\"lazy\" decoding=\"async\" class=\"aligncenter size-full wp-image-5769\" src=\"https:\/\/agora.xtec.cat\/ceip-antoni-gaudi\/wp-content\/uploads\/usu683\/2023\/03\/2-1.jpg\" alt=\"\" width=\"258\" height=\"215\" \/><\/a> <a href=\"https:\/\/photos.app.goo.gl\/83MXQvcJZ7updQ2h9\"><img loading=\"lazy\" decoding=\"async\" class=\"aligncenter size-full wp-image-5768\" src=\"https:\/\/agora.xtec.cat\/ceip-antoni-gaudi\/wp-content\/uploads\/usu683\/2023\/03\/3-1.jpg\" alt=\"\" width=\"264\" height=\"197\" srcset=\"https:\/\/agora.xtec.cat\/ceip-antoni-gaudi\/wp-content\/uploads\/usu683\/2023\/03\/3-1.jpg 264w, https:\/\/agora.xtec.cat\/ceip-antoni-gaudi\/wp-content\/uploads\/usu683\/2023\/03\/3-1-200x150.jpg 200w\" sizes=\"auto, (max-width: 264px) 100vw, 264px\" \/><\/a><\/p>\n<p>&nbsp;<\/p>\n<p>&nbsp;<\/p>\n<p>&nbsp;<\/p>\n","protected":false},"excerpt":{"rendered":"<p>Com vam exposar en l&#8217;article de &#8220;Racons de matem\u00e0tiques a Educaci\u00f3 Infantil&#8221;, el TREBALL PER RACONS \u00e9s una de les METODOLOGIES ACTIVES que fem servir, en aquest cas, per treballar la lectoescriptura amb diferents propostes de manera m\u00e9s din\u00e0mica i motivadora per a tot l&#8217;alumnat&hellip;  <a href=\"https:\/\/agora.xtec.cat\/ceip-antoni-gaudi\/general\/racons-de-llengua-a-educacio-infantil\/\" title=\"Read Racons de llengua a Educaci\u00f3 Infantil\">Llegeix m\u00e9s\u00bb<\/a><\/p>\n","protected":false},"author":6,"featured_media":0,"comment_status":"open","ping_status":"closed","sticky":false,"template":"","format":"standard","meta":{"_bbp_topic_count":0,"_bbp_reply_count":0,"_bbp_total_topic_count":0,"_bbp_total_reply_count":0,"_bbp_voice_count":0,"_bbp_anonymous_reply_count":0,"_bbp_topic_count_hidden":0,"_bbp_reply_count_hidden":0,"_bbp_forum_subforum_count":0,"footnotes":""},"categories":[1,3,8,9,2,4,229],"tags":[],"class_list":["post-5763","post","type-post","status-publish","format-standard","hentry","category-general","category-i3","category-i4","category-i5","category-infantil","category-portada","category-portada-portada"],"post_mailing_queue_ids":[],"_links":{"self":[{"href":"https:\/\/agora.xtec.cat\/ceip-antoni-gaudi\/wp-json\/wp\/v2\/posts\/5763","targetHints":{"allow":["GET"]}}],"collection":[{"href":"https:\/\/agora.xtec.cat\/ceip-antoni-gaudi\/wp-json\/wp\/v2\/posts"}],"about":[{"href":"https:\/\/agora.xtec.cat\/ceip-antoni-gaudi\/wp-json\/wp\/v2\/types\/post"}],"author":[{"embeddable":true,"href":"https:\/\/agora.xtec.cat\/ceip-antoni-gaudi\/wp-json\/wp\/v2\/users\/6"}],"replies":[{"embeddable":true,"href":"https:\/\/agora.xtec.cat\/ceip-antoni-gaudi\/wp-json\/wp\/v2\/comments?post=5763"}],"version-history":[{"count":3,"href":"https:\/\/agora.xtec.cat\/ceip-antoni-gaudi\/wp-json\/wp\/v2\/posts\/5763\/revisions"}],"predecessor-version":[{"id":5820,"href":"https:\/\/agora.xtec.cat\/ceip-antoni-gaudi\/wp-json\/wp\/v2\/posts\/5763\/revisions\/5820"}],"wp:attachment":[{"href":"https:\/\/agora.xtec.cat\/ceip-antoni-gaudi\/wp-json\/wp\/v2\/media?parent=5763"}],"wp:term":[{"taxonomy":"category","embeddable":true,"href":"https:\/\/agora.xtec.cat\/ceip-antoni-gaudi\/wp-json\/wp\/v2\/categories?post=5763"},{"taxonomy":"post_tag","embeddable":true,"href":"https:\/\/agora.xtec.cat\/ceip-antoni-gaudi\/wp-json\/wp\/v2\/tags?post=5763"}],"curies":[{"name":"wp","href":"https:\/\/api.w.org\/{rel}","templated":true}]}}