{"id":5750,"date":"2023-03-09T10:26:33","date_gmt":"2023-03-09T09:26:33","guid":{"rendered":"https:\/\/agora.xtec.cat\/ceip-antoni-gaudi\/?p=5750"},"modified":"2023-03-09T10:26:33","modified_gmt":"2023-03-09T09:26:33","slug":"festa-major-del-gaudi","status":"publish","type":"post","link":"https:\/\/agora.xtec.cat\/ceip-antoni-gaudi\/general\/festa-major-del-gaudi\/","title":{"rendered":"FESTA MAJOR DEL GAUD\u00cd!"},"content":{"rendered":"<p>El passat divendres l&#8217;escola va tancar el seu projecte de <strong>FESTA MAJOR<\/strong> amb una cercavila pel poble. Tota l&#8217;escola es va implicar amb aquesta cercavila, va ser una tarda molt emocionat per a tothom.<br \/>\nVam gaudir de rebre a convidats com els capgrossos <strong>Maure<\/strong>, <strong>Margarida<\/strong> i <strong>Bou<\/strong>, el <strong>Gegant\u00f3 Bufonet<\/strong> i els <strong>Reis de Vistalegre<\/strong>, tamb\u00e9 van participar els <strong>Dracs i Diables de Montbui,<\/strong> la <strong>Pia<\/strong> i el <strong>Tomeu<\/strong>, els <strong>Dimonis de Capellades<\/strong>, i els <strong>m\u00fasics de l&#8217;Institut<\/strong>.<\/p>\n<p>Abans d&#8217;aquesta cercavila els i les alumnes han fet una molt bona feina per poder tenir-ho tot preparat, i la veritat estem molt contents amb el resultats. Tamb\u00e9 volem esmentar a totes les fam\u00edlies que van fer un cop de m\u00e0 amb les disfresses i amb el maquillatge, i per suposat que van ser el nostre p\u00fablic divendres.<\/p>\n<p>Cliqueu per veure \ud83d\udcf8 dels grans.<\/p>\n<table style=\"height: 221px; width: 100%; border-collapse: collapse; border-style: none;\">\n<tbody>\n<tr style=\"height: 221px;\">\n<td style=\"width: 293.09px; height: 221px; border-style: none;\"><a href=\"https:\/\/photos.app.goo.gl\/UBQ6YWGgXotDrp646\"><img loading=\"lazy\" decoding=\"async\" class=\"alignnone size-medium wp-image-5044\" src=\"https:\/\/agora.xtec.cat\/ceip-antoni-gaudi\/wp-content\/uploads\/usu683\/2022\/10\/Diseno-sin-titulo-1-212x300.png\" alt=\"\" width=\"212\" height=\"300\" srcset=\"https:\/\/agora.xtec.cat\/ceip-antoni-gaudi\/wp-content\/uploads\/usu683\/2022\/10\/Diseno-sin-titulo-1-212x300.png 212w, https:\/\/agora.xtec.cat\/ceip-antoni-gaudi\/wp-content\/uploads\/usu683\/2022\/10\/Diseno-sin-titulo-1-724x1024.png 724w, https:\/\/agora.xtec.cat\/ceip-antoni-gaudi\/wp-content\/uploads\/usu683\/2022\/10\/Diseno-sin-titulo-1-768x1086.png 768w, https:\/\/agora.xtec.cat\/ceip-antoni-gaudi\/wp-content\/uploads\/usu683\/2022\/10\/Diseno-sin-titulo-1-1086x1536.png 1086w, https:\/\/agora.xtec.cat\/ceip-antoni-gaudi\/wp-content\/uploads\/usu683\/2022\/10\/Diseno-sin-titulo-1.png 1414w\" sizes=\"auto, (max-width: 212px) 100vw, 212px\" \/><\/a><\/td>\n<td style=\"width: 293.09px; height: 221px; border-style: none;\"><a href=\"https:\/\/photos.app.goo.gl\/RSEk54pYQyWiCjXs8\"><img loading=\"lazy\" decoding=\"async\" class=\"alignnone size-medium wp-image-5043\" src=\"https:\/\/agora.xtec.cat\/ceip-antoni-gaudi\/wp-content\/uploads\/usu683\/2022\/10\/e-1-212x300.png\" alt=\"\" width=\"212\" height=\"300\" srcset=\"https:\/\/agora.xtec.cat\/ceip-antoni-gaudi\/wp-content\/uploads\/usu683\/2022\/10\/e-1-212x300.png 212w, https:\/\/agora.xtec.cat\/ceip-antoni-gaudi\/wp-content\/uploads\/usu683\/2022\/10\/e-1-724x1024.png 724w, https:\/\/agora.xtec.cat\/ceip-antoni-gaudi\/wp-content\/uploads\/usu683\/2022\/10\/e-1-768x1086.png 768w, https:\/\/agora.xtec.cat\/ceip-antoni-gaudi\/wp-content\/uploads\/usu683\/2022\/10\/e-1-1086x1536.png 1086w, https:\/\/agora.xtec.cat\/ceip-antoni-gaudi\/wp-content\/uploads\/usu683\/2022\/10\/e-1.png 1414w\" sizes=\"auto, (max-width: 212px) 100vw, 212px\" \/><\/a><\/td>\n<td style=\"width: 293.102px; height: 221px; border-style: none;\"><\/td>\n<\/tr>\n<\/tbody>\n<\/table>\n","protected":false},"excerpt":{"rendered":"<p>El passat divendres l&#8217;escola va tancar el seu projecte de FESTA MAJOR amb una cercavila pel poble. Tota l&#8217;escola es va implicar amb aquesta cercavila, va ser una tarda molt emocionat per a tothom.<br \/>\nVam gaudir de rebre a convidats com els capgrossos Maure, Margarida i&hellip;  <a href=\"https:\/\/agora.xtec.cat\/ceip-antoni-gaudi\/general\/festa-major-del-gaudi\/\" title=\"Read FESTA MAJOR DEL GAUD\u00cd!\">Llegeix m\u00e9s\u00bb<\/a><\/p>\n","protected":false},"author":5,"featured_media":0,"comment_status":"open","ping_status":"closed","sticky":false,"template":"","format":"standard","meta":{"_bbp_topic_count":0,"_bbp_reply_count":0,"_bbp_total_topic_count":0,"_bbp_total_reply_count":0,"_bbp_voice_count":0,"_bbp_anonymous_reply_count":0,"_bbp_topic_count_hidden":0,"_bbp_reply_count_hidden":0,"_bbp_forum_subforum_count":0,"footnotes":""},"categories":[1,13,14,4,229,5],"tags":[],"class_list":["post-5750","post","type-post","status-publish","format-standard","hentry","category-general","category-p4","category-p5","category-portada","category-portada-portada","category-primaria"],"post_mailing_queue_ids":[],"_links":{"self":[{"href":"https:\/\/agora.xtec.cat\/ceip-antoni-gaudi\/wp-json\/wp\/v2\/posts\/5750","targetHints":{"allow":["GET"]}}],"collection":[{"href":"https:\/\/agora.xtec.cat\/ceip-antoni-gaudi\/wp-json\/wp\/v2\/posts"}],"about":[{"href":"https:\/\/agora.xtec.cat\/ceip-antoni-gaudi\/wp-json\/wp\/v2\/types\/post"}],"author":[{"embeddable":true,"href":"https:\/\/agora.xtec.cat\/ceip-antoni-gaudi\/wp-json\/wp\/v2\/users\/5"}],"replies":[{"embeddable":true,"href":"https:\/\/agora.xtec.cat\/ceip-antoni-gaudi\/wp-json\/wp\/v2\/comments?post=5750"}],"version-history":[{"count":3,"href":"https:\/\/agora.xtec.cat\/ceip-antoni-gaudi\/wp-json\/wp\/v2\/posts\/5750\/revisions"}],"predecessor-version":[{"id":5764,"href":"https:\/\/agora.xtec.cat\/ceip-antoni-gaudi\/wp-json\/wp\/v2\/posts\/5750\/revisions\/5764"}],"wp:attachment":[{"href":"https:\/\/agora.xtec.cat\/ceip-antoni-gaudi\/wp-json\/wp\/v2\/media?parent=5750"}],"wp:term":[{"taxonomy":"category","embeddable":true,"href":"https:\/\/agora.xtec.cat\/ceip-antoni-gaudi\/wp-json\/wp\/v2\/categories?post=5750"},{"taxonomy":"post_tag","embeddable":true,"href":"https:\/\/agora.xtec.cat\/ceip-antoni-gaudi\/wp-json\/wp\/v2\/tags?post=5750"}],"curies":[{"name":"wp","href":"https:\/\/api.w.org\/{rel}","templated":true}]}}