{"id":5675,"date":"2023-02-28T20:17:56","date_gmt":"2023-02-28T19:17:56","guid":{"rendered":"https:\/\/agora.xtec.cat\/ceip-antoni-gaudi\/?p=5675"},"modified":"2023-03-03T12:12:49","modified_gmt":"2023-03-03T11:12:49","slug":"decorem-la-nostra-escola","status":"publish","type":"post","link":"https:\/\/agora.xtec.cat\/ceip-antoni-gaudi\/general\/decorem-la-nostra-escola\/","title":{"rendered":"Decorem la nostra escola!"},"content":{"rendered":"<p>Com ja sabeu, aquest curs, tota l&#8217;escola treballa el projecte <strong>FESTA MAJOR<\/strong> \ud83c\udf89que ha donat nom a les classes, i a m\u00e9s tots els infants han treballat els diferents elements caracter\u00edstics de les festes majors.<\/p>\n<p>Un dels treballs que han fet els alumnes ha estat decorar l&#8217;escola, cadasc\u00fa ha fet una decoraci\u00f3 al passad\u00eds amb la tem\u00e0tica del nom de les seves classes. Ens ha quedat l&#8217;escola molt bonica, llueix molt\u00edssim el treball de l&#8217;alumnat i dels docents, per aix\u00f2 us volem convidar dem\u00e0 <strong>DIMECRES 1 de MAR\u00c7<\/strong> a visitar la nostra escola, obrirem les nostres portes de 15:00h a 18:00h. Queda TOTHOM convidat!<\/p>\n<p>Cliqueu per veure \ud83d\udcf8<\/p>\n<table style=\"height: 161px; width: 100%; border-collapse: collapse; border-style: none;\">\n<tbody>\n<tr style=\"height: 161px;\">\n<td style=\"width: 274.641px; height: 161px; border-style: none;\"><a href=\"https:\/\/photos.app.goo.gl\/oSEQscjrbJQRGCBT8\"><img loading=\"lazy\" decoding=\"async\" class=\"wp-image-5686 aligncenter\" src=\"https:\/\/agora.xtec.cat\/ceip-antoni-gaudi\/wp-content\/uploads\/usu683\/2023\/02\/WhatsApp-Image-2023-02-28-at-12.02.58-300x169.jpeg\" alt=\"\" width=\"295\" height=\"166\" srcset=\"https:\/\/agora.xtec.cat\/ceip-antoni-gaudi\/wp-content\/uploads\/usu683\/2023\/02\/WhatsApp-Image-2023-02-28-at-12.02.58-300x169.jpeg 300w, https:\/\/agora.xtec.cat\/ceip-antoni-gaudi\/wp-content\/uploads\/usu683\/2023\/02\/WhatsApp-Image-2023-02-28-at-12.02.58-1024x576.jpeg 1024w, https:\/\/agora.xtec.cat\/ceip-antoni-gaudi\/wp-content\/uploads\/usu683\/2023\/02\/WhatsApp-Image-2023-02-28-at-12.02.58-768x432.jpeg 768w, https:\/\/agora.xtec.cat\/ceip-antoni-gaudi\/wp-content\/uploads\/usu683\/2023\/02\/WhatsApp-Image-2023-02-28-at-12.02.58-1536x864.jpeg 1536w, https:\/\/agora.xtec.cat\/ceip-antoni-gaudi\/wp-content\/uploads\/usu683\/2023\/02\/WhatsApp-Image-2023-02-28-at-12.02.58.jpeg 2048w\" sizes=\"auto, (max-width: 295px) 100vw, 295px\" \/><\/a><\/td>\n<td style=\"width: 274.641px; height: 161px; border-style: none;\"><a href=\"https:\/\/photos.app.goo.gl\/neVQgFwqDtVrf1sP9\"><img loading=\"lazy\" decoding=\"async\" class=\" wp-image-5680 aligncenter\" src=\"https:\/\/agora.xtec.cat\/ceip-antoni-gaudi\/wp-content\/uploads\/usu683\/2023\/02\/IMG_20230127_123307-300x225.jpg\" alt=\"\" width=\"230\" height=\"172\" srcset=\"https:\/\/agora.xtec.cat\/ceip-antoni-gaudi\/wp-content\/uploads\/usu683\/2023\/02\/IMG_20230127_123307-300x225.jpg 300w, https:\/\/agora.xtec.cat\/ceip-antoni-gaudi\/wp-content\/uploads\/usu683\/2023\/02\/IMG_20230127_123307-1024x768.jpg 1024w, https:\/\/agora.xtec.cat\/ceip-antoni-gaudi\/wp-content\/uploads\/usu683\/2023\/02\/IMG_20230127_123307-768x576.jpg 768w, https:\/\/agora.xtec.cat\/ceip-antoni-gaudi\/wp-content\/uploads\/usu683\/2023\/02\/IMG_20230127_123307-1536x1152.jpg 1536w, https:\/\/agora.xtec.cat\/ceip-antoni-gaudi\/wp-content\/uploads\/usu683\/2023\/02\/IMG_20230127_123307-2048x1536.jpg 2048w, https:\/\/agora.xtec.cat\/ceip-antoni-gaudi\/wp-content\/uploads\/usu683\/2023\/02\/IMG_20230127_123307-200x150.jpg 200w\" sizes=\"auto, (max-width: 230px) 100vw, 230px\" \/><\/a><\/td>\n<td style=\"width: 274.719px; height: 161px; border-style: none;\"><a href=\"https:\/\/photos.app.goo.gl\/3Lo9uN3LAicvGruU7\"><img loading=\"lazy\" decoding=\"async\" class=\" wp-image-5692 aligncenter\" src=\"https:\/\/agora.xtec.cat\/ceip-antoni-gaudi\/wp-content\/uploads\/usu683\/2023\/02\/IMG_0797-1-2-225x300.jpg\" alt=\"\" width=\"175\" height=\"234\" srcset=\"https:\/\/agora.xtec.cat\/ceip-antoni-gaudi\/wp-content\/uploads\/usu683\/2023\/02\/IMG_0797-1-2-225x300.jpg 225w, https:\/\/agora.xtec.cat\/ceip-antoni-gaudi\/wp-content\/uploads\/usu683\/2023\/02\/IMG_0797-1-2-768x1024.jpg 768w, https:\/\/agora.xtec.cat\/ceip-antoni-gaudi\/wp-content\/uploads\/usu683\/2023\/02\/IMG_0797-1-2-1152x1536.jpg 1152w, https:\/\/agora.xtec.cat\/ceip-antoni-gaudi\/wp-content\/uploads\/usu683\/2023\/02\/IMG_0797-1-2-1536x2048.jpg 1536w, https:\/\/agora.xtec.cat\/ceip-antoni-gaudi\/wp-content\/uploads\/usu683\/2023\/02\/IMG_0797-1-2-scaled.jpg 1920w\" sizes=\"auto, (max-width: 175px) 100vw, 175px\" \/><\/a><\/td>\n<\/tr>\n<\/tbody>\n<\/table>\n<p>&nbsp;<\/p>\n","protected":false},"excerpt":{"rendered":"<p>Com ja sabeu, aquest curs, tota l&#8217;escola treballa el projecte FESTA MAJOR \ud83c\udf89que ha donat nom a les classes, i a m\u00e9s tots els infants han treballat els diferents elements caracter\u00edstics de les festes majors.<br \/>\nUn dels treballs que han fet els alumnes ha estat decorar&hellip;  <a href=\"https:\/\/agora.xtec.cat\/ceip-antoni-gaudi\/general\/decorem-la-nostra-escola\/\" title=\"Read Decorem la nostra escola!\">Llegeix m\u00e9s\u00bb<\/a><\/p>\n","protected":false},"author":5,"featured_media":0,"comment_status":"open","ping_status":"closed","sticky":false,"template":"","format":"standard","meta":{"_bbp_topic_count":0,"_bbp_reply_count":0,"_bbp_total_topic_count":0,"_bbp_total_reply_count":0,"_bbp_voice_count":0,"_bbp_anonymous_reply_count":0,"_bbp_topic_count_hidden":0,"_bbp_reply_count_hidden":0,"_bbp_forum_subforum_count":0,"footnotes":""},"categories":[1,13,14,15,4,229,5],"tags":[],"class_list":["post-5675","post","type-post","status-publish","format-standard","hentry","category-general","category-p4","category-p5","category-p6","category-portada","category-portada-portada","category-primaria"],"post_mailing_queue_ids":[],"_links":{"self":[{"href":"https:\/\/agora.xtec.cat\/ceip-antoni-gaudi\/wp-json\/wp\/v2\/posts\/5675","targetHints":{"allow":["GET"]}}],"collection":[{"href":"https:\/\/agora.xtec.cat\/ceip-antoni-gaudi\/wp-json\/wp\/v2\/posts"}],"about":[{"href":"https:\/\/agora.xtec.cat\/ceip-antoni-gaudi\/wp-json\/wp\/v2\/types\/post"}],"author":[{"embeddable":true,"href":"https:\/\/agora.xtec.cat\/ceip-antoni-gaudi\/wp-json\/wp\/v2\/users\/5"}],"replies":[{"embeddable":true,"href":"https:\/\/agora.xtec.cat\/ceip-antoni-gaudi\/wp-json\/wp\/v2\/comments?post=5675"}],"version-history":[{"count":4,"href":"https:\/\/agora.xtec.cat\/ceip-antoni-gaudi\/wp-json\/wp\/v2\/posts\/5675\/revisions"}],"predecessor-version":[{"id":5737,"href":"https:\/\/agora.xtec.cat\/ceip-antoni-gaudi\/wp-json\/wp\/v2\/posts\/5675\/revisions\/5737"}],"wp:attachment":[{"href":"https:\/\/agora.xtec.cat\/ceip-antoni-gaudi\/wp-json\/wp\/v2\/media?parent=5675"}],"wp:term":[{"taxonomy":"category","embeddable":true,"href":"https:\/\/agora.xtec.cat\/ceip-antoni-gaudi\/wp-json\/wp\/v2\/categories?post=5675"},{"taxonomy":"post_tag","embeddable":true,"href":"https:\/\/agora.xtec.cat\/ceip-antoni-gaudi\/wp-json\/wp\/v2\/tags?post=5675"}],"curies":[{"name":"wp","href":"https:\/\/api.w.org\/{rel}","templated":true}]}}