{"id":5599,"date":"2023-02-15T13:25:13","date_gmt":"2023-02-15T12:25:13","guid":{"rendered":"https:\/\/agora.xtec.cat\/ceip-antoni-gaudi\/?p=5599"},"modified":"2023-02-15T13:25:13","modified_gmt":"2023-02-15T12:25:13","slug":"arriba-el-carnestoltes-acompanyat-per-6e","status":"publish","type":"post","link":"https:\/\/agora.xtec.cat\/ceip-antoni-gaudi\/general\/arriba-el-carnestoltes-acompanyat-per-6e\/","title":{"rendered":"Arriba el Carnestoltes acompanyat per 6\u00e8!"},"content":{"rendered":"<p>Ahir va arribar el <strong>REI CARNESTOLTES<\/strong> a l&#8217;escola, acompanyat dels i les nenes de <strong>6\u00e8<\/strong> amb molt ritme, molta gr\u00e0cia i una disfressa ben original. Al pati de l&#8217;escola els hi esperaven tots els companys i companyes amb molta il\u00b7lusi\u00f3.<\/p>\n<p>L&#8217;alumnat de 6\u00e8 s&#8217;ha encarregat de fer el preg\u00f3 de l&#8217;arribada del Rei Carnestoltes, tamb\u00e9 de crear unes consignes molt originals, i fer passar una molt bona estona a tota l&#8217;escola, ser\u00e0 una setmana de molta gresca i\u00a0disbauxa.<\/p>\n<p><strong>Us deixem el preg\u00f3 que han fet els i les nenes de 6\u00e8:<\/strong><\/p>\n<p>Nens i nenes del Gaud\u00ed,<\/p>\n<p>El Carnestoltes ja ha arribat,<\/p>\n<p>Com veieu ja \u00e9s aqu\u00ed<\/p>\n<p>i est\u00e0 molt emocionat!<\/p>\n<p>&nbsp;<\/p>\n<p>Aquesta \u00e9s una setmana per fer el pocasoltes,<\/p>\n<p>Aix\u00ed que escolteu molt b\u00e9 al Rei Carnestoltes.<\/p>\n<p>Deixeu les vergonyes a casa<\/p>\n<p>I prepareu-vos per la gran festassa.<\/p>\n<p>&nbsp;<\/p>\n<p>Escolteu-nos amb molta atenci\u00f3,<\/p>\n<p>que les consignes us volem dir<\/p>\n<p>Esperem que les visqueu amb emoci\u00f3!<\/p>\n<p>I del Carnestoltes pugueu gaudir!<\/p>\n<p>&nbsp;<\/p>\n<p>Dem\u00e0 dimecres aix\u00f2 ja comen\u00e7a noies i nois,<\/p>\n<p>Remeneu els vostres armaris<\/p>\n<p>I convertiu-vos en aut\u00e8ntics superherois!<\/p>\n<p>&nbsp;<\/p>\n<p>El dijous, d\u2019un personatge fam\u00f3s ens disfressarem<\/p>\n<p>Ser\u00e0 molt divertit anar per l\u2019escola<\/p>\n<p>I jugar a veure si el reconeixem!<\/p>\n<p>&nbsp;<\/p>\n<p>El divendres, \u00e9s el dia de la comoditat<\/p>\n<p>Toca venir amb pijama<\/p>\n<p>I podreu dormir amb total llibertat.<\/p>\n<p>&nbsp;<\/p>\n<p>Estem conven\u00e7uts que sou uns artistes,<\/p>\n<p>I que fareu volar la imaginaci\u00f3<\/p>\n<p>Aix\u00ed que res de comprar les disfresses<\/p>\n<p>Utilitzeu all\u00f2 que tingueu per l\u2019habitaci\u00f3.<\/p>\n<p>&nbsp;<\/p>\n<p>A la tarda del divendres i per acabar la setmana<\/p>\n<p>Ens podrem disfressar del que vulguem.<\/p>\n<p>Trobem-nos tots al pati per fer-la sonada,<\/p>\n<p>I aix\u00ed al Rei Carnestoltes acomiadem!<\/p>\n<p>&nbsp;<\/p>\n<p>Cliqueu per veure m\u00e9s \ud83d\udcf8<\/p>\n<p><a href=\"https:\/\/photos.app.goo.gl\/HKdmTFgBDU4tqVsc9\"><img loading=\"lazy\" decoding=\"async\" class=\"alignnone  wp-image-5608\" src=\"https:\/\/agora.xtec.cat\/ceip-antoni-gaudi\/wp-content\/uploads\/usu683\/2023\/02\/IMG_20230214_110800-300x225.jpg\" alt=\"\" width=\"420\" height=\"315\" srcset=\"https:\/\/agora.xtec.cat\/ceip-antoni-gaudi\/wp-content\/uploads\/usu683\/2023\/02\/IMG_20230214_110800-300x225.jpg 300w, https:\/\/agora.xtec.cat\/ceip-antoni-gaudi\/wp-content\/uploads\/usu683\/2023\/02\/IMG_20230214_110800-1024x768.jpg 1024w, https:\/\/agora.xtec.cat\/ceip-antoni-gaudi\/wp-content\/uploads\/usu683\/2023\/02\/IMG_20230214_110800-768x576.jpg 768w, https:\/\/agora.xtec.cat\/ceip-antoni-gaudi\/wp-content\/uploads\/usu683\/2023\/02\/IMG_20230214_110800-1536x1152.jpg 1536w, https:\/\/agora.xtec.cat\/ceip-antoni-gaudi\/wp-content\/uploads\/usu683\/2023\/02\/IMG_20230214_110800-2048x1536.jpg 2048w, https:\/\/agora.xtec.cat\/ceip-antoni-gaudi\/wp-content\/uploads\/usu683\/2023\/02\/IMG_20230214_110800-200x150.jpg 200w\" sizes=\"auto, (max-width: 420px) 100vw, 420px\" \/><\/a><\/p>\n","protected":false},"excerpt":{"rendered":"<p>Ahir va arribar el REI CARNESTOLTES a l&#8217;escola, acompanyat dels i les nenes de 6\u00e8 amb molt ritme, molta gr\u00e0cia i una disfressa ben original. Al pati de l&#8217;escola els hi esperaven tots els companys i companyes amb molta il\u00b7lusi\u00f3.<br \/>\nL&#8217;alumnat de 6\u00e8 s&#8217;ha encarregat de&hellip;  <a href=\"https:\/\/agora.xtec.cat\/ceip-antoni-gaudi\/general\/arriba-el-carnestoltes-acompanyat-per-6e\/\" title=\"Read Arriba el Carnestoltes acompanyat per 6\u00e8!\">Llegeix m\u00e9s\u00bb<\/a><\/p>\n","protected":false},"author":5,"featured_media":5608,"comment_status":"open","ping_status":"closed","sticky":false,"template":"","format":"standard","meta":{"_bbp_topic_count":0,"_bbp_reply_count":0,"_bbp_total_topic_count":0,"_bbp_total_reply_count":0,"_bbp_voice_count":0,"_bbp_anonymous_reply_count":0,"_bbp_topic_count_hidden":0,"_bbp_reply_count_hidden":0,"_bbp_forum_subforum_count":0,"footnotes":""},"categories":[1,15,4,229,5],"tags":[],"class_list":["post-5599","post","type-post","status-publish","format-standard","has-post-thumbnail","hentry","category-general","category-p6","category-portada","category-portada-portada","category-primaria"],"post_mailing_queue_ids":[],"_links":{"self":[{"href":"https:\/\/agora.xtec.cat\/ceip-antoni-gaudi\/wp-json\/wp\/v2\/posts\/5599","targetHints":{"allow":["GET"]}}],"collection":[{"href":"https:\/\/agora.xtec.cat\/ceip-antoni-gaudi\/wp-json\/wp\/v2\/posts"}],"about":[{"href":"https:\/\/agora.xtec.cat\/ceip-antoni-gaudi\/wp-json\/wp\/v2\/types\/post"}],"author":[{"embeddable":true,"href":"https:\/\/agora.xtec.cat\/ceip-antoni-gaudi\/wp-json\/wp\/v2\/users\/5"}],"replies":[{"embeddable":true,"href":"https:\/\/agora.xtec.cat\/ceip-antoni-gaudi\/wp-json\/wp\/v2\/comments?post=5599"}],"version-history":[{"count":3,"href":"https:\/\/agora.xtec.cat\/ceip-antoni-gaudi\/wp-json\/wp\/v2\/posts\/5599\/revisions"}],"predecessor-version":[{"id":5609,"href":"https:\/\/agora.xtec.cat\/ceip-antoni-gaudi\/wp-json\/wp\/v2\/posts\/5599\/revisions\/5609"}],"wp:featuredmedia":[{"embeddable":true,"href":"https:\/\/agora.xtec.cat\/ceip-antoni-gaudi\/wp-json\/wp\/v2\/media\/5608"}],"wp:attachment":[{"href":"https:\/\/agora.xtec.cat\/ceip-antoni-gaudi\/wp-json\/wp\/v2\/media?parent=5599"}],"wp:term":[{"taxonomy":"category","embeddable":true,"href":"https:\/\/agora.xtec.cat\/ceip-antoni-gaudi\/wp-json\/wp\/v2\/categories?post=5599"},{"taxonomy":"post_tag","embeddable":true,"href":"https:\/\/agora.xtec.cat\/ceip-antoni-gaudi\/wp-json\/wp\/v2\/tags?post=5599"}],"curies":[{"name":"wp","href":"https:\/\/api.w.org\/{rel}","templated":true}]}}