{"id":5574,"date":"2023-02-08T11:36:10","date_gmt":"2023-02-08T10:36:10","guid":{"rendered":"https:\/\/agora.xtec.cat\/ceip-antoni-gaudi\/?p=5574"},"modified":"2023-02-09T16:14:44","modified_gmt":"2023-02-09T15:14:44","slug":"i5-i-lerico","status":"publish","type":"post","link":"https:\/\/agora.xtec.cat\/ceip-antoni-gaudi\/general\/i5-i-lerico\/","title":{"rendered":"I5 i l&#8217;Eri\u00e7\u00f3"},"content":{"rendered":"<p style=\"text-align: justify;\">El passat dilluns a la tarda, els infants d&#8217;I5 vam anar a la Biblioteca Mont\u00c0gora \ud83d\udcda\u00a0on els i les alumnes del <strong><span style=\"color: #3366ff;\">Cicle Superior d&#8217;Educaci\u00f3 Infantil<\/span><\/strong> de l<span style=\"color: #00ccff;\">&#8216;<strong>Institut Mil\u00e0 i Fontanals<\/strong><\/span> ens van explicar el conte de l&#8217;<span style=\"color: #993300;\">Eri\u00e7\u00f3<\/span>. A continuaci\u00f3 vam realitzar un conjunt d&#8217;activitats que ens havien preparat, com el <strong><span style=\"color: #ff00ff;\">mural de l&#8217;amistat <\/span><\/strong>\ud83e\udd17 o la<strong> <span style=\"color: #ff99cc;\">capsa sorpresa<\/span> <\/strong>\ud83c\udf81.<\/p>\n<p style=\"text-align: justify;\">Ens van encantar els titelles que havien confeccionat! I els estem molt agra\u00efts de tot l&#8217;esfor\u00e7 \ud83d\udc9f!<\/p>\n<p style=\"text-align: justify;\">Cliqueu a la imatge per veure m\u00e9s \ud83d\udcf8:<\/p>\n<p><a href=\"https:\/\/photos.app.goo.gl\/PoXBwwrARzEkVgRY6\"><img loading=\"lazy\" decoding=\"async\" class=\"aligncenter size-medium wp-image-5576\" src=\"https:\/\/agora.xtec.cat\/ceip-antoni-gaudi\/wp-content\/uploads\/usu683\/2023\/02\/erico-225x300.jpg\" alt=\"\" width=\"225\" height=\"300\" srcset=\"https:\/\/agora.xtec.cat\/ceip-antoni-gaudi\/wp-content\/uploads\/usu683\/2023\/02\/erico-225x300.jpg 225w, https:\/\/agora.xtec.cat\/ceip-antoni-gaudi\/wp-content\/uploads\/usu683\/2023\/02\/erico.jpg 500w\" sizes=\"auto, (max-width: 225px) 100vw, 225px\" \/><\/a><\/p>\n","protected":false},"excerpt":{"rendered":"<p>El passat dilluns a la tarda, els infants d&#8217;I5 vam anar a la Biblioteca Mont\u00c0gora \ud83d\udcda\u00a0on els i les alumnes del Cicle Superior d&#8217;Educaci\u00f3 Infantil de l&#8216;Institut Mil\u00e0 i Fontanals ens van explicar el conte de l&#8217;Eri\u00e7\u00f3. A continuaci\u00f3 vam realitzar un conjunt d&#8217;activitats que&hellip;  <a href=\"https:\/\/agora.xtec.cat\/ceip-antoni-gaudi\/general\/i5-i-lerico\/\" title=\"Read I5 i l&#8217;Eri\u00e7\u00f3\">Llegeix m\u00e9s\u00bb<\/a><\/p>\n","protected":false},"author":6,"featured_media":0,"comment_status":"open","ping_status":"closed","sticky":false,"template":"","format":"standard","meta":{"_bbp_topic_count":0,"_bbp_reply_count":0,"_bbp_total_topic_count":0,"_bbp_total_reply_count":0,"_bbp_voice_count":0,"_bbp_anonymous_reply_count":0,"_bbp_topic_count_hidden":0,"_bbp_reply_count_hidden":0,"_bbp_forum_subforum_count":0,"footnotes":""},"categories":[1,9,2,4],"tags":[],"class_list":["post-5574","post","type-post","status-publish","format-standard","hentry","category-general","category-i5","category-infantil","category-portada"],"post_mailing_queue_ids":[],"_links":{"self":[{"href":"https:\/\/agora.xtec.cat\/ceip-antoni-gaudi\/wp-json\/wp\/v2\/posts\/5574","targetHints":{"allow":["GET"]}}],"collection":[{"href":"https:\/\/agora.xtec.cat\/ceip-antoni-gaudi\/wp-json\/wp\/v2\/posts"}],"about":[{"href":"https:\/\/agora.xtec.cat\/ceip-antoni-gaudi\/wp-json\/wp\/v2\/types\/post"}],"author":[{"embeddable":true,"href":"https:\/\/agora.xtec.cat\/ceip-antoni-gaudi\/wp-json\/wp\/v2\/users\/6"}],"replies":[{"embeddable":true,"href":"https:\/\/agora.xtec.cat\/ceip-antoni-gaudi\/wp-json\/wp\/v2\/comments?post=5574"}],"version-history":[{"count":3,"href":"https:\/\/agora.xtec.cat\/ceip-antoni-gaudi\/wp-json\/wp\/v2\/posts\/5574\/revisions"}],"predecessor-version":[{"id":5589,"href":"https:\/\/agora.xtec.cat\/ceip-antoni-gaudi\/wp-json\/wp\/v2\/posts\/5574\/revisions\/5589"}],"wp:attachment":[{"href":"https:\/\/agora.xtec.cat\/ceip-antoni-gaudi\/wp-json\/wp\/v2\/media?parent=5574"}],"wp:term":[{"taxonomy":"category","embeddable":true,"href":"https:\/\/agora.xtec.cat\/ceip-antoni-gaudi\/wp-json\/wp\/v2\/categories?post=5574"},{"taxonomy":"post_tag","embeddable":true,"href":"https:\/\/agora.xtec.cat\/ceip-antoni-gaudi\/wp-json\/wp\/v2\/tags?post=5574"}],"curies":[{"name":"wp","href":"https:\/\/api.w.org\/{rel}","templated":true}]}}