{"id":5531,"date":"2023-02-02T10:53:06","date_gmt":"2023-02-02T09:53:06","guid":{"rendered":"https:\/\/agora.xtec.cat\/ceip-antoni-gaudi\/?p=5531"},"modified":"2023-02-02T10:53:06","modified_gmt":"2023-02-02T09:53:06","slug":"visita-a-lajuntament","status":"publish","type":"post","link":"https:\/\/agora.xtec.cat\/ceip-antoni-gaudi\/general\/visita-a-lajuntament\/","title":{"rendered":"Visita a l&#8217;Ajuntament"},"content":{"rendered":"<p>El passat divendres 27 de Gener, l&#8217;alumnat de 4rt de prim\u00e0ria vam visitar l&#8217;Ajuntament del municipi per tal de fer una entrevista a l&#8217;alcalde, el Jes\u00fas Miguel Ju\u00e1rez, i als regidors Joel i Sara per poder saber m\u00e9s coses sobre els Gegants que posen nom a les nostres classes.<\/p>\n<p>A l&#8217;escola portem un temps treballant la Festa Major, i hem aprofitat per preguntar tots aquells dubtes que ens han anat sorgint durant aquest temps.<\/p>\n<p>A m\u00e9s, tamb\u00e9 vam aprendre moltes coses que no coneix\u00edem de la Festa Major de Santa Margarida de Montbui, els seus actes i els preparatius. Volem agrair el tracte que vam rebr<a href=\"https:\/\/photos.app.goo.gl\/1pX1LG2QF1YkEZa37\"><img loading=\"lazy\" decoding=\"async\" class=\"wp-image-5539 alignleft\" src=\"https:\/\/agora.xtec.cat\/ceip-antoni-gaudi\/wp-content\/uploads\/usu683\/2023\/02\/IMG_20230127_095951-300x225.jpg\" alt=\"\" width=\"259\" height=\"194\" srcset=\"https:\/\/agora.xtec.cat\/ceip-antoni-gaudi\/wp-content\/uploads\/usu683\/2023\/02\/IMG_20230127_095951-300x225.jpg 300w, https:\/\/agora.xtec.cat\/ceip-antoni-gaudi\/wp-content\/uploads\/usu683\/2023\/02\/IMG_20230127_095951-1024x769.jpg 1024w, https:\/\/agora.xtec.cat\/ceip-antoni-gaudi\/wp-content\/uploads\/usu683\/2023\/02\/IMG_20230127_095951-768x577.jpg 768w, https:\/\/agora.xtec.cat\/ceip-antoni-gaudi\/wp-content\/uploads\/usu683\/2023\/02\/IMG_20230127_095951-1536x1153.jpg 1536w, https:\/\/agora.xtec.cat\/ceip-antoni-gaudi\/wp-content\/uploads\/usu683\/2023\/02\/IMG_20230127_095951-2048x1538.jpg 2048w, https:\/\/agora.xtec.cat\/ceip-antoni-gaudi\/wp-content\/uploads\/usu683\/2023\/02\/IMG_20230127_095951-200x150.jpg 200w\" sizes=\"auto, (max-width: 259px) 100vw, 259px\" \/><\/a>e, ja que ens van deixar visitar tot l&#8217;Ajuntament i ens van donar un obsequi final.<\/p>\n<p>\ud83d\udcf8Podeu veure m\u00e9s fotografies fent clic a la imatge.<\/p>\n","protected":false},"excerpt":{"rendered":"<p>El passat divendres 27 de Gener, l&#8217;alumnat de 4rt de prim\u00e0ria vam visitar l&#8217;Ajuntament del municipi per tal de fer una entrevista a l&#8217;alcalde, el Jes\u00fas Miguel Ju\u00e1rez, i als regidors Joel i Sara per poder saber m\u00e9s coses sobre els Gegants que posen nom&hellip;  <a href=\"https:\/\/agora.xtec.cat\/ceip-antoni-gaudi\/general\/visita-a-lajuntament\/\" title=\"Read Visita a l&#8217;Ajuntament\">Llegeix m\u00e9s\u00bb<\/a><\/p>\n","protected":false},"author":5,"featured_media":0,"comment_status":"open","ping_status":"closed","sticky":false,"template":"","format":"standard","meta":{"_bbp_topic_count":0,"_bbp_reply_count":0,"_bbp_total_topic_count":0,"_bbp_total_reply_count":0,"_bbp_voice_count":0,"_bbp_anonymous_reply_count":0,"_bbp_topic_count_hidden":0,"_bbp_reply_count_hidden":0,"_bbp_forum_subforum_count":0,"footnotes":""},"categories":[1,13,4,229,5],"tags":[],"class_list":["post-5531","post","type-post","status-publish","format-standard","hentry","category-general","category-p4","category-portada","category-portada-portada","category-primaria"],"post_mailing_queue_ids":[],"_links":{"self":[{"href":"https:\/\/agora.xtec.cat\/ceip-antoni-gaudi\/wp-json\/wp\/v2\/posts\/5531","targetHints":{"allow":["GET"]}}],"collection":[{"href":"https:\/\/agora.xtec.cat\/ceip-antoni-gaudi\/wp-json\/wp\/v2\/posts"}],"about":[{"href":"https:\/\/agora.xtec.cat\/ceip-antoni-gaudi\/wp-json\/wp\/v2\/types\/post"}],"author":[{"embeddable":true,"href":"https:\/\/agora.xtec.cat\/ceip-antoni-gaudi\/wp-json\/wp\/v2\/users\/5"}],"replies":[{"embeddable":true,"href":"https:\/\/agora.xtec.cat\/ceip-antoni-gaudi\/wp-json\/wp\/v2\/comments?post=5531"}],"version-history":[{"count":3,"href":"https:\/\/agora.xtec.cat\/ceip-antoni-gaudi\/wp-json\/wp\/v2\/posts\/5531\/revisions"}],"predecessor-version":[{"id":5548,"href":"https:\/\/agora.xtec.cat\/ceip-antoni-gaudi\/wp-json\/wp\/v2\/posts\/5531\/revisions\/5548"}],"wp:attachment":[{"href":"https:\/\/agora.xtec.cat\/ceip-antoni-gaudi\/wp-json\/wp\/v2\/media?parent=5531"}],"wp:term":[{"taxonomy":"category","embeddable":true,"href":"https:\/\/agora.xtec.cat\/ceip-antoni-gaudi\/wp-json\/wp\/v2\/categories?post=5531"},{"taxonomy":"post_tag","embeddable":true,"href":"https:\/\/agora.xtec.cat\/ceip-antoni-gaudi\/wp-json\/wp\/v2\/tags?post=5531"}],"curies":[{"name":"wp","href":"https:\/\/api.w.org\/{rel}","templated":true}]}}