{"id":5507,"date":"2023-01-26T09:16:11","date_gmt":"2023-01-26T08:16:11","guid":{"rendered":"https:\/\/agora.xtec.cat\/ceip-antoni-gaudi\/?p=5507"},"modified":"2023-01-26T09:16:11","modified_gmt":"2023-01-26T08:16:11","slug":"tallers-dels-mossos-desquadra-amb-els-grans","status":"publish","type":"post","link":"https:\/\/agora.xtec.cat\/ceip-antoni-gaudi\/general\/tallers-dels-mossos-desquadra-amb-els-grans\/","title":{"rendered":"Tallers dels Mossos d&#8217;Esquadra amb els grans!"},"content":{"rendered":"<p>Durant aquesta setmana els grans de l&#8217;escola han rebut la visita dels <strong>Mossos d&#8217;Esquadra<\/strong>, han parlat de coses molt importants i interessants.<\/p>\n<p>Dilluns els alumnes de <strong>5\u00e8<\/strong> van realitzar el taller <strong>&#8220;INTERNET SEGURA PER A NENS I NENES&#8221;<\/strong>, on es van tractar diversos temes interessants i actuals per tal de garantir\u00a0 l&#8217;acc\u00e9s segur a internet dels nostres alumnes.<\/p>\n<p>Dimarts els alumnes de <strong>4t<\/strong> van dur a terme el taller &#8220;<strong>RESPECTE&#8221;<\/strong>, per tal d&#8217;aconseguir conscienciar als nens i nenes sobre la import\u00e0ncia de l&#8217;assetjament escolar i les seves conseq\u00fc\u00e8ncies.<\/p>\n<p>Dimecres els alumnes de <strong>6\u00e8 <\/strong>van fer el taller &#8220;<strong>PREVENIR L&#8217;ASSETJAMENT ENTRE IGUALS&#8221;<\/strong>, on a partir d&#8217;una historieta es van aclarir els diferents rols que es poden tenir en una situaci\u00f3 d&#8217;assetjament, un treball que tamb\u00e9 s&#8217;ha fet abans a l&#8217;escola.<\/p>\n<p>Tots ells tallers molt beneficiosos pel nostre alumnat.<\/p>\n<p>Cliqueu per veure \ud83d\udcf8<\/p>\n<table style=\"border-collapse: collapse; width: 100%;\">\n<tbody>\n<tr>\n<td style=\"width: 33.3333%;\"><a href=\"https:\/\/photos.app.goo.gl\/aVbwHDyqGQPahjXg9\"><img loading=\"lazy\" decoding=\"async\" class=\"alignnone size-medium wp-image-5044\" src=\"https:\/\/agora.xtec.cat\/ceip-antoni-gaudi\/wp-content\/uploads\/usu683\/2022\/10\/Diseno-sin-titulo-1-212x300.png\" alt=\"\" width=\"212\" height=\"300\" srcset=\"https:\/\/agora.xtec.cat\/ceip-antoni-gaudi\/wp-content\/uploads\/usu683\/2022\/10\/Diseno-sin-titulo-1-212x300.png 212w, https:\/\/agora.xtec.cat\/ceip-antoni-gaudi\/wp-content\/uploads\/usu683\/2022\/10\/Diseno-sin-titulo-1-724x1024.png 724w, https:\/\/agora.xtec.cat\/ceip-antoni-gaudi\/wp-content\/uploads\/usu683\/2022\/10\/Diseno-sin-titulo-1-768x1086.png 768w, https:\/\/agora.xtec.cat\/ceip-antoni-gaudi\/wp-content\/uploads\/usu683\/2022\/10\/Diseno-sin-titulo-1-1086x1536.png 1086w, https:\/\/agora.xtec.cat\/ceip-antoni-gaudi\/wp-content\/uploads\/usu683\/2022\/10\/Diseno-sin-titulo-1.png 1414w\" sizes=\"auto, (max-width: 212px) 100vw, 212px\" \/><\/a><\/td>\n<td style=\"width: 33.3333%;\"><a href=\"https:\/\/photos.app.goo.gl\/TgAdPDonfVchVxob9\"><img loading=\"lazy\" decoding=\"async\" class=\"alignnone size-medium wp-image-5043\" src=\"https:\/\/agora.xtec.cat\/ceip-antoni-gaudi\/wp-content\/uploads\/usu683\/2022\/10\/e-1-212x300.png\" alt=\"\" width=\"212\" height=\"300\" srcset=\"https:\/\/agora.xtec.cat\/ceip-antoni-gaudi\/wp-content\/uploads\/usu683\/2022\/10\/e-1-212x300.png 212w, https:\/\/agora.xtec.cat\/ceip-antoni-gaudi\/wp-content\/uploads\/usu683\/2022\/10\/e-1-724x1024.png 724w, https:\/\/agora.xtec.cat\/ceip-antoni-gaudi\/wp-content\/uploads\/usu683\/2022\/10\/e-1-768x1086.png 768w, https:\/\/agora.xtec.cat\/ceip-antoni-gaudi\/wp-content\/uploads\/usu683\/2022\/10\/e-1-1086x1536.png 1086w, https:\/\/agora.xtec.cat\/ceip-antoni-gaudi\/wp-content\/uploads\/usu683\/2022\/10\/e-1.png 1414w\" sizes=\"auto, (max-width: 212px) 100vw, 212px\" \/><\/a><\/td>\n<td style=\"width: 33.3333%;\"><a href=\"https:\/\/photos.app.goo.gl\/oRmpbX7KVKjhB1pDA\"><img loading=\"lazy\" decoding=\"async\" class=\"alignnone size-medium wp-image-5194\" src=\"https:\/\/agora.xtec.cat\/ceip-antoni-gaudi\/wp-content\/uploads\/usu683\/2022\/10\/Anadir-un-titulo-212x300.png\" alt=\"\" width=\"212\" height=\"300\" srcset=\"https:\/\/agora.xtec.cat\/ceip-antoni-gaudi\/wp-content\/uploads\/usu683\/2022\/10\/Anadir-un-titulo-212x300.png 212w, https:\/\/agora.xtec.cat\/ceip-antoni-gaudi\/wp-content\/uploads\/usu683\/2022\/10\/Anadir-un-titulo-724x1024.png 724w, https:\/\/agora.xtec.cat\/ceip-antoni-gaudi\/wp-content\/uploads\/usu683\/2022\/10\/Anadir-un-titulo-768x1086.png 768w, https:\/\/agora.xtec.cat\/ceip-antoni-gaudi\/wp-content\/uploads\/usu683\/2022\/10\/Anadir-un-titulo-1086x1536.png 1086w, https:\/\/agora.xtec.cat\/ceip-antoni-gaudi\/wp-content\/uploads\/usu683\/2022\/10\/Anadir-un-titulo.png 1414w\" sizes=\"auto, (max-width: 212px) 100vw, 212px\" \/><\/a><\/td>\n<\/tr>\n<\/tbody>\n<\/table>\n<p>&nbsp;<\/p>\n","protected":false},"excerpt":{"rendered":"<p>Durant aquesta setmana els grans de l&#8217;escola han rebut la visita dels Mossos d&#8217;Esquadra, han parlat de coses molt importants i interessants.<br \/>\nDilluns els alumnes de 5\u00e8 van realitzar el taller &#8220;INTERNET SEGURA PER A NENS I NENES&#8221;, on es van tractar diversos temes interessants i&hellip;  <a href=\"https:\/\/agora.xtec.cat\/ceip-antoni-gaudi\/general\/tallers-dels-mossos-desquadra-amb-els-grans\/\" title=\"Read Tallers dels Mossos d&#8217;Esquadra amb els grans!\">Llegeix m\u00e9s\u00bb<\/a><\/p>\n","protected":false},"author":5,"featured_media":5508,"comment_status":"open","ping_status":"closed","sticky":false,"template":"","format":"standard","meta":{"_bbp_topic_count":0,"_bbp_reply_count":0,"_bbp_total_topic_count":0,"_bbp_total_reply_count":0,"_bbp_voice_count":0,"_bbp_anonymous_reply_count":0,"_bbp_topic_count_hidden":0,"_bbp_reply_count_hidden":0,"_bbp_forum_subforum_count":0,"footnotes":""},"categories":[1,13,14,15,4,229,5],"tags":[],"class_list":["post-5507","post","type-post","status-publish","format-standard","has-post-thumbnail","hentry","category-general","category-p4","category-p5","category-p6","category-portada","category-portada-portada","category-primaria"],"post_mailing_queue_ids":[],"_links":{"self":[{"href":"https:\/\/agora.xtec.cat\/ceip-antoni-gaudi\/wp-json\/wp\/v2\/posts\/5507","targetHints":{"allow":["GET"]}}],"collection":[{"href":"https:\/\/agora.xtec.cat\/ceip-antoni-gaudi\/wp-json\/wp\/v2\/posts"}],"about":[{"href":"https:\/\/agora.xtec.cat\/ceip-antoni-gaudi\/wp-json\/wp\/v2\/types\/post"}],"author":[{"embeddable":true,"href":"https:\/\/agora.xtec.cat\/ceip-antoni-gaudi\/wp-json\/wp\/v2\/users\/5"}],"replies":[{"embeddable":true,"href":"https:\/\/agora.xtec.cat\/ceip-antoni-gaudi\/wp-json\/wp\/v2\/comments?post=5507"}],"version-history":[{"count":3,"href":"https:\/\/agora.xtec.cat\/ceip-antoni-gaudi\/wp-json\/wp\/v2\/posts\/5507\/revisions"}],"predecessor-version":[{"id":5515,"href":"https:\/\/agora.xtec.cat\/ceip-antoni-gaudi\/wp-json\/wp\/v2\/posts\/5507\/revisions\/5515"}],"wp:featuredmedia":[{"embeddable":true,"href":"https:\/\/agora.xtec.cat\/ceip-antoni-gaudi\/wp-json\/wp\/v2\/media\/5508"}],"wp:attachment":[{"href":"https:\/\/agora.xtec.cat\/ceip-antoni-gaudi\/wp-json\/wp\/v2\/media?parent=5507"}],"wp:term":[{"taxonomy":"category","embeddable":true,"href":"https:\/\/agora.xtec.cat\/ceip-antoni-gaudi\/wp-json\/wp\/v2\/categories?post=5507"},{"taxonomy":"post_tag","embeddable":true,"href":"https:\/\/agora.xtec.cat\/ceip-antoni-gaudi\/wp-json\/wp\/v2\/tags?post=5507"}],"curies":[{"name":"wp","href":"https:\/\/api.w.org\/{rel}","templated":true}]}}