{"id":5503,"date":"2023-01-24T15:56:58","date_gmt":"2023-01-24T14:56:58","guid":{"rendered":"https:\/\/agora.xtec.cat\/ceip-antoni-gaudi\/?p=5503"},"modified":"2023-01-24T15:57:56","modified_gmt":"2023-01-24T14:57:56","slug":"pesem-i-mesurem-a-2n","status":"publish","type":"post","link":"https:\/\/agora.xtec.cat\/ceip-antoni-gaudi\/portada\/pesem-i-mesurem-a-2n\/","title":{"rendered":"PESEM I MESUREM a 2n"},"content":{"rendered":"<p>Els nens i nenes de segon avui hem treballat el concepte de MASSA i MESURA a partir de diferents objectes de l&#8217;aula. Hem utilitzat diferents balances per pesar i comparar objectes com ara llibres, llapis, estoigs, etc. Tamb\u00e9 hem utilitzat la cinta m\u00e8trica per medir-nos i comparar les diferents al\u00e7ades dels companys i companyes. Hem passat un mat\u00ed molt entretingut on hem pogut aprendre mitjan\u00e7ant la pr\u00e0ctica, l&#8217;observaci\u00f3 i l&#8217;experimentaci\u00f3.<\/p>\n<p>Si cliqueu a la imatge veureu m\u00e9s fotos!<\/p>\n<p><a href=\"https:\/\/photos.app.goo.gl\/BXxyLdLrFuFAUv5n7\" target=\"_blank\" rel=\"noopener\"><img loading=\"lazy\" decoding=\"async\" class=\"aligncenter wp-image-5504\" src=\"https:\/\/agora.xtec.cat\/ceip-antoni-gaudi\/wp-content\/uploads\/usu683\/2023\/01\/WhatsApp-Image-2023-01-24-at-15.37.56-1.jpeg\" alt=\"\" width=\"461\" height=\"346\" srcset=\"https:\/\/agora.xtec.cat\/ceip-antoni-gaudi\/wp-content\/uploads\/usu683\/2023\/01\/WhatsApp-Image-2023-01-24-at-15.37.56-1.jpeg 2000w, https:\/\/agora.xtec.cat\/ceip-antoni-gaudi\/wp-content\/uploads\/usu683\/2023\/01\/WhatsApp-Image-2023-01-24-at-15.37.56-1-300x225.jpeg 300w, https:\/\/agora.xtec.cat\/ceip-antoni-gaudi\/wp-content\/uploads\/usu683\/2023\/01\/WhatsApp-Image-2023-01-24-at-15.37.56-1-1024x768.jpeg 1024w, https:\/\/agora.xtec.cat\/ceip-antoni-gaudi\/wp-content\/uploads\/usu683\/2023\/01\/WhatsApp-Image-2023-01-24-at-15.37.56-1-768x576.jpeg 768w, https:\/\/agora.xtec.cat\/ceip-antoni-gaudi\/wp-content\/uploads\/usu683\/2023\/01\/WhatsApp-Image-2023-01-24-at-15.37.56-1-1536x1152.jpeg 1536w, https:\/\/agora.xtec.cat\/ceip-antoni-gaudi\/wp-content\/uploads\/usu683\/2023\/01\/WhatsApp-Image-2023-01-24-at-15.37.56-1-200x150.jpeg 200w\" sizes=\"auto, (max-width: 461px) 100vw, 461px\" \/><\/a><\/p>\n","protected":false},"excerpt":{"rendered":"<p>Els nens i nenes de segon avui hem treballat el concepte de MASSA i MESURA a partir de diferents objectes de l&#8217;aula. Hem utilitzat diferents balances per pesar i comparar objectes com ara llibres, llapis, estoigs, etc. Tamb\u00e9 hem utilitzat la cinta m\u00e8trica per medir-nos&hellip;  <a href=\"https:\/\/agora.xtec.cat\/ceip-antoni-gaudi\/portada\/pesem-i-mesurem-a-2n\/\" title=\"Read PESEM I MESUREM a 2n\">Llegeix m\u00e9s\u00bb<\/a><\/p>\n","protected":false},"author":4,"featured_media":0,"comment_status":"open","ping_status":"closed","sticky":false,"template":"","format":"standard","meta":{"_bbp_topic_count":0,"_bbp_reply_count":0,"_bbp_total_topic_count":0,"_bbp_total_reply_count":0,"_bbp_voice_count":0,"_bbp_anonymous_reply_count":0,"_bbp_topic_count_hidden":0,"_bbp_reply_count_hidden":0,"_bbp_forum_subforum_count":0,"footnotes":""},"categories":[11,4,229,5],"tags":[],"class_list":["post-5503","post","type-post","status-publish","format-standard","hentry","category-p2","category-portada","category-portada-portada","category-primaria"],"post_mailing_queue_ids":[],"_links":{"self":[{"href":"https:\/\/agora.xtec.cat\/ceip-antoni-gaudi\/wp-json\/wp\/v2\/posts\/5503","targetHints":{"allow":["GET"]}}],"collection":[{"href":"https:\/\/agora.xtec.cat\/ceip-antoni-gaudi\/wp-json\/wp\/v2\/posts"}],"about":[{"href":"https:\/\/agora.xtec.cat\/ceip-antoni-gaudi\/wp-json\/wp\/v2\/types\/post"}],"author":[{"embeddable":true,"href":"https:\/\/agora.xtec.cat\/ceip-antoni-gaudi\/wp-json\/wp\/v2\/users\/4"}],"replies":[{"embeddable":true,"href":"https:\/\/agora.xtec.cat\/ceip-antoni-gaudi\/wp-json\/wp\/v2\/comments?post=5503"}],"version-history":[{"count":2,"href":"https:\/\/agora.xtec.cat\/ceip-antoni-gaudi\/wp-json\/wp\/v2\/posts\/5503\/revisions"}],"predecessor-version":[{"id":5506,"href":"https:\/\/agora.xtec.cat\/ceip-antoni-gaudi\/wp-json\/wp\/v2\/posts\/5503\/revisions\/5506"}],"wp:attachment":[{"href":"https:\/\/agora.xtec.cat\/ceip-antoni-gaudi\/wp-json\/wp\/v2\/media?parent=5503"}],"wp:term":[{"taxonomy":"category","embeddable":true,"href":"https:\/\/agora.xtec.cat\/ceip-antoni-gaudi\/wp-json\/wp\/v2\/categories?post=5503"},{"taxonomy":"post_tag","embeddable":true,"href":"https:\/\/agora.xtec.cat\/ceip-antoni-gaudi\/wp-json\/wp\/v2\/tags?post=5503"}],"curies":[{"name":"wp","href":"https:\/\/api.w.org\/{rel}","templated":true}]}}