{"id":5476,"date":"2023-01-13T09:59:19","date_gmt":"2023-01-13T08:59:19","guid":{"rendered":"https:\/\/agora.xtec.cat\/ceip-antoni-gaudi\/?p=5476"},"modified":"2023-01-13T09:59:19","modified_gmt":"2023-01-13T08:59:19","slug":"com-avanca-lhort","status":"publish","type":"post","link":"https:\/\/agora.xtec.cat\/ceip-antoni-gaudi\/general\/com-avanca-lhort\/","title":{"rendered":"Com avan\u00e7a l&#8217;Hort!"},"content":{"rendered":"<p>Amb la tornada a l&#8217;escola despr\u00e9s de les vacances de Nadal, els alumnes de 4rt hem anat a observar l&#8217;hort i hem pogut veure com han arribat a cr\u00e9ixer les hortalisses.\ud83c\udf31<\/p>\n<p>Tamb\u00e9 hem clavat les estaques que havien sortit i hem fet una rega general, on ens ho hem passat d&#8217;all\u00f2 m\u00e9s b\u00e9.\ud83d\udca6<\/p>\n<p>Per tal de dur un control sobre el que tenim plantat i el seu proc\u00e9s de creixement, hem recollit totes les observacions fetes en una fitxa.\ud83d\udcdd<\/p>\n<p><a href=\"https:\/\/photos.app.goo.gl\/Ye4oHGGgquQTCp819\"><img loading=\"lazy\" decoding=\"async\" class=\"alignnone size-medium wp-image-5477\" src=\"https:\/\/agora.xtec.cat\/ceip-antoni-gaudi\/wp-content\/uploads\/usu683\/2023\/01\/IMG_5713-300x225.jpg\" alt=\"\" width=\"300\" height=\"225\" srcset=\"https:\/\/agora.xtec.cat\/ceip-antoni-gaudi\/wp-content\/uploads\/usu683\/2023\/01\/IMG_5713-300x225.jpg 300w, https:\/\/agora.xtec.cat\/ceip-antoni-gaudi\/wp-content\/uploads\/usu683\/2023\/01\/IMG_5713-1024x768.jpg 1024w, https:\/\/agora.xtec.cat\/ceip-antoni-gaudi\/wp-content\/uploads\/usu683\/2023\/01\/IMG_5713-768x576.jpg 768w, https:\/\/agora.xtec.cat\/ceip-antoni-gaudi\/wp-content\/uploads\/usu683\/2023\/01\/IMG_5713-200x150.jpg 200w, https:\/\/agora.xtec.cat\/ceip-antoni-gaudi\/wp-content\/uploads\/usu683\/2023\/01\/IMG_5713.jpg 1104w\" sizes=\"auto, (max-width: 300px) 100vw, 300px\" \/><\/a><\/p>\n<p>Si feu clic a la imatge \ud83d\udcf8, podeu veure diferents fotografies nostres a l&#8217;hort.<\/p>\n","protected":false},"excerpt":{"rendered":"<p>Amb la tornada a l&#8217;escola despr\u00e9s de les vacances de Nadal, els alumnes de 4rt hem anat a observar l&#8217;hort i hem pogut veure com han arribat a cr\u00e9ixer les hortalisses.\ud83c\udf31<br \/>\nTamb\u00e9 hem clavat les estaques que havien sortit i hem fet una rega general, on&hellip;  <a href=\"https:\/\/agora.xtec.cat\/ceip-antoni-gaudi\/general\/com-avanca-lhort\/\" title=\"Read Com avan\u00e7a l&#8217;Hort!\">Llegeix m\u00e9s\u00bb<\/a><\/p>\n","protected":false},"author":5,"featured_media":0,"comment_status":"open","ping_status":"closed","sticky":false,"template":"","format":"standard","meta":{"_bbp_topic_count":0,"_bbp_reply_count":0,"_bbp_total_topic_count":0,"_bbp_total_reply_count":0,"_bbp_voice_count":0,"_bbp_anonymous_reply_count":0,"_bbp_topic_count_hidden":0,"_bbp_reply_count_hidden":0,"_bbp_forum_subforum_count":0,"footnotes":""},"categories":[1,13,14,15,4,229,5],"tags":[],"class_list":["post-5476","post","type-post","status-publish","format-standard","hentry","category-general","category-p4","category-p5","category-p6","category-portada","category-portada-portada","category-primaria"],"post_mailing_queue_ids":[],"_links":{"self":[{"href":"https:\/\/agora.xtec.cat\/ceip-antoni-gaudi\/wp-json\/wp\/v2\/posts\/5476","targetHints":{"allow":["GET"]}}],"collection":[{"href":"https:\/\/agora.xtec.cat\/ceip-antoni-gaudi\/wp-json\/wp\/v2\/posts"}],"about":[{"href":"https:\/\/agora.xtec.cat\/ceip-antoni-gaudi\/wp-json\/wp\/v2\/types\/post"}],"author":[{"embeddable":true,"href":"https:\/\/agora.xtec.cat\/ceip-antoni-gaudi\/wp-json\/wp\/v2\/users\/5"}],"replies":[{"embeddable":true,"href":"https:\/\/agora.xtec.cat\/ceip-antoni-gaudi\/wp-json\/wp\/v2\/comments?post=5476"}],"version-history":[{"count":1,"href":"https:\/\/agora.xtec.cat\/ceip-antoni-gaudi\/wp-json\/wp\/v2\/posts\/5476\/revisions"}],"predecessor-version":[{"id":5478,"href":"https:\/\/agora.xtec.cat\/ceip-antoni-gaudi\/wp-json\/wp\/v2\/posts\/5476\/revisions\/5478"}],"wp:attachment":[{"href":"https:\/\/agora.xtec.cat\/ceip-antoni-gaudi\/wp-json\/wp\/v2\/media?parent=5476"}],"wp:term":[{"taxonomy":"category","embeddable":true,"href":"https:\/\/agora.xtec.cat\/ceip-antoni-gaudi\/wp-json\/wp\/v2\/categories?post=5476"},{"taxonomy":"post_tag","embeddable":true,"href":"https:\/\/agora.xtec.cat\/ceip-antoni-gaudi\/wp-json\/wp\/v2\/tags?post=5476"}],"curies":[{"name":"wp","href":"https:\/\/api.w.org\/{rel}","templated":true}]}}