{"id":5455,"date":"2023-01-13T09:12:49","date_gmt":"2023-01-13T08:12:49","guid":{"rendered":"https:\/\/agora.xtec.cat\/ceip-antoni-gaudi\/?p=5455"},"modified":"2023-01-13T09:12:49","modified_gmt":"2023-01-13T08:12:49","slug":"tornem-a-infantil-plens-de-regals","status":"publish","type":"post","link":"https:\/\/agora.xtec.cat\/ceip-antoni-gaudi\/general\/tornem-a-infantil-plens-de-regals\/","title":{"rendered":"Tornem a infantil plens de REGALS"},"content":{"rendered":"<p style=\"text-align: justify;\">A Educaci\u00f3 Infantil ens hem retrobat entre <span style=\"color: #000000;\"><strong><span style=\"color: #cc99ff;\">somriures<\/span><\/strong>,<\/span> <strong><span style=\"color: #ff99cc;\">abra\u00e7ades<\/span><\/strong> i <strong><span style=\"color: #99ccff;\">regals<\/span> <\/strong>\ud83c\udf81. Les cartes \ud83d\udc8c\ud83d\udc8c\ud83d\udc8c\u00a0que vam entregar als <strong>patges<\/strong>, han sigut ben llegides i els \ud83d\udc51\ud83d\udc51\ud83d\udc51 no s&#8217;han oblidat de passar per la nostra escola \u2728\ud83d\udcab.<\/p>\n<p style=\"text-align: justify;\">Mireu quins moments hem compartit clicant aquesta \ud83d\udcf8<\/p>\n<p style=\"text-align: justify;\"><a href=\"https:\/\/photos.app.goo.gl\/pZTNkHZeq2GcKyxh9\"><img loading=\"lazy\" decoding=\"async\" class=\"aligncenter size-medium wp-image-5468\" src=\"https:\/\/agora.xtec.cat\/ceip-antoni-gaudi\/wp-content\/uploads\/usu683\/2023\/01\/IMG_20230109_095328-300x225.jpg\" alt=\"\" width=\"300\" height=\"225\" srcset=\"https:\/\/agora.xtec.cat\/ceip-antoni-gaudi\/wp-content\/uploads\/usu683\/2023\/01\/IMG_20230109_095328-300x225.jpg 300w, https:\/\/agora.xtec.cat\/ceip-antoni-gaudi\/wp-content\/uploads\/usu683\/2023\/01\/IMG_20230109_095328-1024x768.jpg 1024w, https:\/\/agora.xtec.cat\/ceip-antoni-gaudi\/wp-content\/uploads\/usu683\/2023\/01\/IMG_20230109_095328-768x576.jpg 768w, https:\/\/agora.xtec.cat\/ceip-antoni-gaudi\/wp-content\/uploads\/usu683\/2023\/01\/IMG_20230109_095328-1536x1152.jpg 1536w, https:\/\/agora.xtec.cat\/ceip-antoni-gaudi\/wp-content\/uploads\/usu683\/2023\/01\/IMG_20230109_095328-2048x1536.jpg 2048w, https:\/\/agora.xtec.cat\/ceip-antoni-gaudi\/wp-content\/uploads\/usu683\/2023\/01\/IMG_20230109_095328-200x150.jpg 200w\" sizes=\"auto, (max-width: 300px) 100vw, 300px\" \/><\/a><\/p>\n<p style=\"text-align: justify;\">Aquests dies a casa ens ho hem passat d&#8217;all\u00f2 m\u00e9s b\u00e9, hem descansat i tornem amb les piles carregades \ud83d\udcaa\ud83d\udd0b <strong><span style=\"color: #ff6600;\">Benvingut segon trimestre!<\/span><\/strong><\/p>\n","protected":false},"excerpt":{"rendered":"<p>A Educaci\u00f3 Infantil ens hem retrobat entre somriures, abra\u00e7ades i regals \ud83c\udf81. Les cartes \ud83d\udc8c\ud83d\udc8c\ud83d\udc8c\u00a0que vam entregar als patges, han sigut ben llegides i els \ud83d\udc51\ud83d\udc51\ud83d\udc51 no s&#8217;han oblidat de passar per la nostra escola \u2728\ud83d\udcab.<br \/>\nMireu quins moments hem compartit clicant aquesta \ud83d\udcf8<br \/>\n<a href=\"https:\/\/photos.app.goo.gl\/pZTNkHZeq2GcKyxh9\"><\/a><br \/>\nAquests dies&hellip;  <a href=\"https:\/\/agora.xtec.cat\/ceip-antoni-gaudi\/general\/tornem-a-infantil-plens-de-regals\/\" title=\"Read Tornem a infantil plens de REGALS\">Llegeix m\u00e9s\u00bb<\/a><\/p>\n","protected":false},"author":6,"featured_media":0,"comment_status":"open","ping_status":"closed","sticky":false,"template":"","format":"standard","meta":{"_bbp_topic_count":0,"_bbp_reply_count":0,"_bbp_total_topic_count":0,"_bbp_total_reply_count":0,"_bbp_voice_count":0,"_bbp_anonymous_reply_count":0,"_bbp_topic_count_hidden":0,"_bbp_reply_count_hidden":0,"_bbp_forum_subforum_count":0,"footnotes":""},"categories":[1,3,8,9,2,4],"tags":[],"class_list":["post-5455","post","type-post","status-publish","format-standard","hentry","category-general","category-i3","category-i4","category-i5","category-infantil","category-portada"],"post_mailing_queue_ids":[],"_links":{"self":[{"href":"https:\/\/agora.xtec.cat\/ceip-antoni-gaudi\/wp-json\/wp\/v2\/posts\/5455","targetHints":{"allow":["GET"]}}],"collection":[{"href":"https:\/\/agora.xtec.cat\/ceip-antoni-gaudi\/wp-json\/wp\/v2\/posts"}],"about":[{"href":"https:\/\/agora.xtec.cat\/ceip-antoni-gaudi\/wp-json\/wp\/v2\/types\/post"}],"author":[{"embeddable":true,"href":"https:\/\/agora.xtec.cat\/ceip-antoni-gaudi\/wp-json\/wp\/v2\/users\/6"}],"replies":[{"embeddable":true,"href":"https:\/\/agora.xtec.cat\/ceip-antoni-gaudi\/wp-json\/wp\/v2\/comments?post=5455"}],"version-history":[{"count":3,"href":"https:\/\/agora.xtec.cat\/ceip-antoni-gaudi\/wp-json\/wp\/v2\/posts\/5455\/revisions"}],"predecessor-version":[{"id":5471,"href":"https:\/\/agora.xtec.cat\/ceip-antoni-gaudi\/wp-json\/wp\/v2\/posts\/5455\/revisions\/5471"}],"wp:attachment":[{"href":"https:\/\/agora.xtec.cat\/ceip-antoni-gaudi\/wp-json\/wp\/v2\/media?parent=5455"}],"wp:term":[{"taxonomy":"category","embeddable":true,"href":"https:\/\/agora.xtec.cat\/ceip-antoni-gaudi\/wp-json\/wp\/v2\/categories?post=5455"},{"taxonomy":"post_tag","embeddable":true,"href":"https:\/\/agora.xtec.cat\/ceip-antoni-gaudi\/wp-json\/wp\/v2\/tags?post=5455"}],"curies":[{"name":"wp","href":"https:\/\/api.w.org\/{rel}","templated":true}]}}