{"id":5442,"date":"2022-12-21T13:49:35","date_gmt":"2022-12-21T12:49:35","guid":{"rendered":"https:\/\/agora.xtec.cat\/ceip-antoni-gaudi\/?p=5442"},"modified":"2022-12-21T13:49:35","modified_gmt":"2022-12-21T12:49:35","slug":"a-infantil-fem-cagar-el-tio","status":"publish","type":"post","link":"https:\/\/agora.xtec.cat\/ceip-antoni-gaudi\/general\/a-infantil-fem-cagar-el-tio\/","title":{"rendered":"A Infantil fem CAGAR EL TI\u00d3!"},"content":{"rendered":"<p style=\"text-align: justify;\">Avui, \u00faltim dia del primer trimestre, tot l&#8217;alumnat d&#8217;educaci\u00f3 infantil ha fet <span style=\"color: #992f2f;\"><strong>CAGAR EL TI\u00d3<\/strong>! <\/span> Despr\u00e9s d&#8217;unes setmanes donant-li menjar \ud83c\udf4e\ud83c\udf50\ud83c\udf4c, per fi ha arribat el <span style=\"color: #ff0000;\"><strong>gran dia<\/strong><\/span>. En primer lloc, per classes hem fet cagar el <strong><span style=\"color: #993300;\">Ti\u00f3<\/span><\/strong>, despr\u00e9s tots junts a l&#8217;aula de <span class=\"hiddenSpellError\">psico<\/span>\u00a0hem fet la <span style=\"color: #b52b2b;\"><strong>gran cagada<\/strong><\/span>.\u00a0Gr\u00e0cies,\u00a0<span style=\"color: #800000;\"><strong>Ti\u00f3<\/strong><\/span> pel detallet i les <span style=\"color: #ffcc99;\"><strong>neules<\/strong><\/span> i els <span style=\"color: #5c0d0d;\"><strong>torrons<\/strong><\/span>.<\/p>\n<p style=\"text-align: justify;\">Volem agrair la col\u00b7laboraci\u00f3 de les A<em>rtesanes de\u00a0<span class=\"hiddenSpellError\">coraz\u00f3n \u2764 \u00a0i Joguines sense fronteres \ud83c\udf0d<\/span><\/em>.<\/p>\n<p style=\"text-align: justify;\">Aqu\u00ed us deixem un petit v\u00eddeo i algunes imatges del dia d&#8217;avui.<br \/>\n<a href=\"https:\/\/photos.app.goo.gl\/v2jyFsuzRsTY5zBr8\"><img loading=\"lazy\" decoding=\"async\" class=\"wp-image-5443 aligncenter\" src=\"https:\/\/agora.xtec.cat\/ceip-antoni-gaudi\/wp-content\/uploads\/usu683\/2022\/12\/SIIII-283x300.jpg\" alt=\"\" width=\"251\" height=\"266\" srcset=\"https:\/\/agora.xtec.cat\/ceip-antoni-gaudi\/wp-content\/uploads\/usu683\/2022\/12\/SIIII-283x300.jpg 283w, https:\/\/agora.xtec.cat\/ceip-antoni-gaudi\/wp-content\/uploads\/usu683\/2022\/12\/SIIII-965x1024.jpg 965w, https:\/\/agora.xtec.cat\/ceip-antoni-gaudi\/wp-content\/uploads\/usu683\/2022\/12\/SIIII-768x815.jpg 768w, https:\/\/agora.xtec.cat\/ceip-antoni-gaudi\/wp-content\/uploads\/usu683\/2022\/12\/SIIII-1448x1536.jpg 1448w, https:\/\/agora.xtec.cat\/ceip-antoni-gaudi\/wp-content\/uploads\/usu683\/2022\/12\/SIIII-1931x2048.jpg 1931w\" sizes=\"auto, (max-width: 251px) 100vw, 251px\" \/><\/a><\/p>\n<p style=\"text-align: justify;\"><strong>Fam\u00edlies us desitgem unes BONES FESTES \ud83c\udf84\ud83c\udf89\ud83c\udf8a i que gaudiu molt aquests dies en FAM\u00cdLIA \ud83d\udc6a.<\/strong><\/p>\n","protected":false},"excerpt":{"rendered":"<p>Avui, \u00faltim dia del primer trimestre, tot l&#8217;alumnat d&#8217;educaci\u00f3 infantil ha fet CAGAR EL TI\u00d3!  Despr\u00e9s d&#8217;unes setmanes donant-li menjar \ud83c\udf4e\ud83c\udf50\ud83c\udf4c, per fi ha arribat el gran dia. En primer lloc, per classes hem fet cagar el Ti\u00f3, despr\u00e9s tots junts a l&#8217;aula de&hellip;  <a href=\"https:\/\/agora.xtec.cat\/ceip-antoni-gaudi\/general\/a-infantil-fem-cagar-el-tio\/\" title=\"Read A Infantil fem CAGAR EL TI\u00d3!\">Llegeix m\u00e9s\u00bb<\/a><\/p>\n","protected":false},"author":6,"featured_media":0,"comment_status":"open","ping_status":"closed","sticky":false,"template":"","format":"standard","meta":{"_bbp_topic_count":0,"_bbp_reply_count":0,"_bbp_total_topic_count":0,"_bbp_total_reply_count":0,"_bbp_voice_count":0,"_bbp_anonymous_reply_count":0,"_bbp_topic_count_hidden":0,"_bbp_reply_count_hidden":0,"_bbp_forum_subforum_count":0,"footnotes":""},"categories":[1,3,8,9,2,4],"tags":[],"class_list":["post-5442","post","type-post","status-publish","format-standard","hentry","category-general","category-i3","category-i4","category-i5","category-infantil","category-portada"],"post_mailing_queue_ids":[],"_links":{"self":[{"href":"https:\/\/agora.xtec.cat\/ceip-antoni-gaudi\/wp-json\/wp\/v2\/posts\/5442","targetHints":{"allow":["GET"]}}],"collection":[{"href":"https:\/\/agora.xtec.cat\/ceip-antoni-gaudi\/wp-json\/wp\/v2\/posts"}],"about":[{"href":"https:\/\/agora.xtec.cat\/ceip-antoni-gaudi\/wp-json\/wp\/v2\/types\/post"}],"author":[{"embeddable":true,"href":"https:\/\/agora.xtec.cat\/ceip-antoni-gaudi\/wp-json\/wp\/v2\/users\/6"}],"replies":[{"embeddable":true,"href":"https:\/\/agora.xtec.cat\/ceip-antoni-gaudi\/wp-json\/wp\/v2\/comments?post=5442"}],"version-history":[{"count":3,"href":"https:\/\/agora.xtec.cat\/ceip-antoni-gaudi\/wp-json\/wp\/v2\/posts\/5442\/revisions"}],"predecessor-version":[{"id":5449,"href":"https:\/\/agora.xtec.cat\/ceip-antoni-gaudi\/wp-json\/wp\/v2\/posts\/5442\/revisions\/5449"}],"wp:attachment":[{"href":"https:\/\/agora.xtec.cat\/ceip-antoni-gaudi\/wp-json\/wp\/v2\/media?parent=5442"}],"wp:term":[{"taxonomy":"category","embeddable":true,"href":"https:\/\/agora.xtec.cat\/ceip-antoni-gaudi\/wp-json\/wp\/v2\/categories?post=5442"},{"taxonomy":"post_tag","embeddable":true,"href":"https:\/\/agora.xtec.cat\/ceip-antoni-gaudi\/wp-json\/wp\/v2\/tags?post=5442"}],"curies":[{"name":"wp","href":"https:\/\/api.w.org\/{rel}","templated":true}]}}