{"id":5411,"date":"2022-12-20T11:53:13","date_gmt":"2022-12-20T10:53:13","guid":{"rendered":"https:\/\/agora.xtec.cat\/ceip-antoni-gaudi\/?p=5411"},"modified":"2022-12-20T11:53:13","modified_gmt":"2022-12-20T10:53:13","slug":"cantata","status":"publish","type":"post","link":"https:\/\/agora.xtec.cat\/ceip-antoni-gaudi\/general\/cantata\/","title":{"rendered":"CANTATA"},"content":{"rendered":"<p>Dijous l&#8217;alumnat de sis\u00e8 va ser l&#8217;encarregat de presentar la cantata de Nadal\ud83c\udf85.<\/p>\n<p>Els nens i nenes de sis\u00e8 van recitar un poema en castell\u00e0. Tamb\u00e9 van\u00a0 cantar una can\u00e7\u00f3 en catal\u00e0 &#8220;Nadal en banyador&#8221;, una en angl\u00e8s &#8220;Heald the world &#8221; i per finalitzar van tocar l&#8217;ukelele i els xil\u00f2fons &#8220;La marxa dels 3 reis&#8221;.<\/p>\n<p>Mireu quins artistes!!<\/p>\n<p>Cliqueu per veure m\u00e9s imatges.<\/p>\n<p><a href=\"https:\/\/photos.app.goo.gl\/9PXjUBQjtrth7M2D9\"><img loading=\"lazy\" decoding=\"async\" class=\"size-medium wp-image-5427 aligncenter\" src=\"https:\/\/agora.xtec.cat\/ceip-antoni-gaudi\/wp-content\/uploads\/usu683\/2022\/12\/20221215_115704-300x225.jpg\" alt=\"\" width=\"300\" height=\"225\" srcset=\"https:\/\/agora.xtec.cat\/ceip-antoni-gaudi\/wp-content\/uploads\/usu683\/2022\/12\/20221215_115704-300x225.jpg 300w, https:\/\/agora.xtec.cat\/ceip-antoni-gaudi\/wp-content\/uploads\/usu683\/2022\/12\/20221215_115704-1024x768.jpg 1024w, https:\/\/agora.xtec.cat\/ceip-antoni-gaudi\/wp-content\/uploads\/usu683\/2022\/12\/20221215_115704-768x576.jpg 768w, https:\/\/agora.xtec.cat\/ceip-antoni-gaudi\/wp-content\/uploads\/usu683\/2022\/12\/20221215_115704-1536x1152.jpg 1536w, https:\/\/agora.xtec.cat\/ceip-antoni-gaudi\/wp-content\/uploads\/usu683\/2022\/12\/20221215_115704-2048x1536.jpg 2048w, https:\/\/agora.xtec.cat\/ceip-antoni-gaudi\/wp-content\/uploads\/usu683\/2022\/12\/20221215_115704-200x150.jpg 200w\" sizes=\"auto, (max-width: 300px) 100vw, 300px\" \/><\/a><\/p>\n<p>&nbsp;<\/p>\n","protected":false},"excerpt":{"rendered":"<p>Dijous l&#8217;alumnat de sis\u00e8 va ser l&#8217;encarregat de presentar la cantata de Nadal\ud83c\udf85.<br \/>\nEls nens i nenes de sis\u00e8 van recitar un poema en castell\u00e0. Tamb\u00e9 van\u00a0 cantar una can\u00e7\u00f3 en catal\u00e0 &#8220;Nadal en banyador&#8221;, una en angl\u00e8s &#8220;Heald the world &#8221; i per finalitzar van&hellip;  <a href=\"https:\/\/agora.xtec.cat\/ceip-antoni-gaudi\/general\/cantata\/\" title=\"Read CANTATA\">Llegeix m\u00e9s\u00bb<\/a><\/p>\n","protected":false},"author":5,"featured_media":0,"comment_status":"open","ping_status":"closed","sticky":false,"template":"","format":"standard","meta":{"_bbp_topic_count":0,"_bbp_reply_count":0,"_bbp_total_topic_count":0,"_bbp_total_reply_count":0,"_bbp_voice_count":0,"_bbp_anonymous_reply_count":0,"_bbp_topic_count_hidden":0,"_bbp_reply_count_hidden":0,"_bbp_forum_subforum_count":0,"footnotes":""},"categories":[1,15,4,229,5],"tags":[],"class_list":["post-5411","post","type-post","status-publish","format-standard","hentry","category-general","category-p6","category-portada","category-portada-portada","category-primaria"],"post_mailing_queue_ids":[],"_links":{"self":[{"href":"https:\/\/agora.xtec.cat\/ceip-antoni-gaudi\/wp-json\/wp\/v2\/posts\/5411","targetHints":{"allow":["GET"]}}],"collection":[{"href":"https:\/\/agora.xtec.cat\/ceip-antoni-gaudi\/wp-json\/wp\/v2\/posts"}],"about":[{"href":"https:\/\/agora.xtec.cat\/ceip-antoni-gaudi\/wp-json\/wp\/v2\/types\/post"}],"author":[{"embeddable":true,"href":"https:\/\/agora.xtec.cat\/ceip-antoni-gaudi\/wp-json\/wp\/v2\/users\/5"}],"replies":[{"embeddable":true,"href":"https:\/\/agora.xtec.cat\/ceip-antoni-gaudi\/wp-json\/wp\/v2\/comments?post=5411"}],"version-history":[{"count":2,"href":"https:\/\/agora.xtec.cat\/ceip-antoni-gaudi\/wp-json\/wp\/v2\/posts\/5411\/revisions"}],"predecessor-version":[{"id":5428,"href":"https:\/\/agora.xtec.cat\/ceip-antoni-gaudi\/wp-json\/wp\/v2\/posts\/5411\/revisions\/5428"}],"wp:attachment":[{"href":"https:\/\/agora.xtec.cat\/ceip-antoni-gaudi\/wp-json\/wp\/v2\/media?parent=5411"}],"wp:term":[{"taxonomy":"category","embeddable":true,"href":"https:\/\/agora.xtec.cat\/ceip-antoni-gaudi\/wp-json\/wp\/v2\/categories?post=5411"},{"taxonomy":"post_tag","embeddable":true,"href":"https:\/\/agora.xtec.cat\/ceip-antoni-gaudi\/wp-json\/wp\/v2\/tags?post=5411"}],"curies":[{"name":"wp","href":"https:\/\/api.w.org\/{rel}","templated":true}]}}