{"id":5398,"date":"2022-12-16T09:17:46","date_gmt":"2022-12-16T08:17:46","guid":{"rendered":"https:\/\/agora.xtec.cat\/ceip-antoni-gaudi\/?p=5398"},"modified":"2022-12-16T09:17:46","modified_gmt":"2022-12-16T08:17:46","slug":"a-4t-fem-racons-de-catala","status":"publish","type":"post","link":"https:\/\/agora.xtec.cat\/ceip-antoni-gaudi\/general\/a-4t-fem-racons-de-catala\/","title":{"rendered":"A 4t FEM RACONS DE CATAL\u00c0!"},"content":{"rendered":"<p>Durant aquest primer trimestre, a l&#8217;assignatura de llengua catalana estem fent racons. \u00c9s una manera d&#8217;aprendre els continguts de l&#8217;\u00e0rea i nous coneixements d&#8217;una manera m\u00e9s din\u00e0mica i l\u00fadica on podem gaudir de diferents jocs i tallers que ens ajuden a assolir noves tem\u00e0tiques.<\/p>\n<p>Per fer-ho, ens posem en petits grups barrejats de les dues classes, i cada setmana anem treballant diferents racons. Ens agrada molt aquesta estona de llengua, ja que podem compartir espai amb tots els companys. Si voleu veure com treballem, feu clic a la imatge.<\/p>\n<p><a href=\"https:\/\/photos.app.goo.gl\/xgZZxRiffWVrdGKWA\"><img loading=\"lazy\" decoding=\"async\" class=\"alignnone size-medium wp-image-5401\" src=\"https:\/\/agora.xtec.cat\/ceip-antoni-gaudi\/wp-content\/uploads\/usu683\/2022\/12\/racons-300x192.jpg\" alt=\"\" width=\"300\" height=\"192\" srcset=\"https:\/\/agora.xtec.cat\/ceip-antoni-gaudi\/wp-content\/uploads\/usu683\/2022\/12\/racons-300x192.jpg 300w, https:\/\/agora.xtec.cat\/ceip-antoni-gaudi\/wp-content\/uploads\/usu683\/2022\/12\/racons-1024x654.jpg 1024w, https:\/\/agora.xtec.cat\/ceip-antoni-gaudi\/wp-content\/uploads\/usu683\/2022\/12\/racons-768x490.jpg 768w, https:\/\/agora.xtec.cat\/ceip-antoni-gaudi\/wp-content\/uploads\/usu683\/2022\/12\/racons.jpg 1098w\" sizes=\"auto, (max-width: 300px) 100vw, 300px\" \/><\/a><\/p>\n","protected":false},"excerpt":{"rendered":"<p>Durant aquest primer trimestre, a l&#8217;assignatura de llengua catalana estem fent racons. \u00c9s una manera d&#8217;aprendre els continguts de l&#8217;\u00e0rea i nous coneixements d&#8217;una manera m\u00e9s din\u00e0mica i l\u00fadica on podem gaudir de diferents jocs i tallers que ens ajuden a assolir noves tem\u00e0tiques.<br \/>\nPer fer-ho,&hellip;  <a href=\"https:\/\/agora.xtec.cat\/ceip-antoni-gaudi\/general\/a-4t-fem-racons-de-catala\/\" title=\"Read A 4t FEM RACONS DE CATAL\u00c0!\">Llegeix m\u00e9s\u00bb<\/a><\/p>\n","protected":false},"author":5,"featured_media":0,"comment_status":"open","ping_status":"closed","sticky":false,"template":"","format":"standard","meta":{"_bbp_topic_count":0,"_bbp_reply_count":0,"_bbp_total_topic_count":0,"_bbp_total_reply_count":0,"_bbp_voice_count":0,"_bbp_anonymous_reply_count":0,"_bbp_topic_count_hidden":0,"_bbp_reply_count_hidden":0,"_bbp_forum_subforum_count":0,"footnotes":""},"categories":[1,13,4,229,5],"tags":[],"class_list":["post-5398","post","type-post","status-publish","format-standard","hentry","category-general","category-p4","category-portada","category-portada-portada","category-primaria"],"post_mailing_queue_ids":[],"_links":{"self":[{"href":"https:\/\/agora.xtec.cat\/ceip-antoni-gaudi\/wp-json\/wp\/v2\/posts\/5398","targetHints":{"allow":["GET"]}}],"collection":[{"href":"https:\/\/agora.xtec.cat\/ceip-antoni-gaudi\/wp-json\/wp\/v2\/posts"}],"about":[{"href":"https:\/\/agora.xtec.cat\/ceip-antoni-gaudi\/wp-json\/wp\/v2\/types\/post"}],"author":[{"embeddable":true,"href":"https:\/\/agora.xtec.cat\/ceip-antoni-gaudi\/wp-json\/wp\/v2\/users\/5"}],"replies":[{"embeddable":true,"href":"https:\/\/agora.xtec.cat\/ceip-antoni-gaudi\/wp-json\/wp\/v2\/comments?post=5398"}],"version-history":[{"count":3,"href":"https:\/\/agora.xtec.cat\/ceip-antoni-gaudi\/wp-json\/wp\/v2\/posts\/5398\/revisions"}],"predecessor-version":[{"id":5403,"href":"https:\/\/agora.xtec.cat\/ceip-antoni-gaudi\/wp-json\/wp\/v2\/posts\/5398\/revisions\/5403"}],"wp:attachment":[{"href":"https:\/\/agora.xtec.cat\/ceip-antoni-gaudi\/wp-json\/wp\/v2\/media?parent=5398"}],"wp:term":[{"taxonomy":"category","embeddable":true,"href":"https:\/\/agora.xtec.cat\/ceip-antoni-gaudi\/wp-json\/wp\/v2\/categories?post=5398"},{"taxonomy":"post_tag","embeddable":true,"href":"https:\/\/agora.xtec.cat\/ceip-antoni-gaudi\/wp-json\/wp\/v2\/tags?post=5398"}],"curies":[{"name":"wp","href":"https:\/\/api.w.org\/{rel}","templated":true}]}}