{"id":5385,"date":"2022-12-16T15:54:10","date_gmt":"2022-12-16T14:54:10","guid":{"rendered":"https:\/\/agora.xtec.cat\/ceip-antoni-gaudi\/?p=5385"},"modified":"2022-12-20T11:55:28","modified_gmt":"2022-12-20T10:55:28","slug":"anem-a-buscar-el-tio-3","status":"publish","type":"post","link":"https:\/\/agora.xtec.cat\/ceip-antoni-gaudi\/general\/anem-a-buscar-el-tio-3\/","title":{"rendered":"ANEM A BUSCAR EL TI\u00d3"},"content":{"rendered":"<p>Dilluns\u00a0 els nens i nenes de sis\u00e8, han acompanyat els m\u00e9s petitons de l&#8217;escola a buscar el ti\u00f3. Despr\u00e9s de cridar-lo molt l&#8217;hem trobat amagat sota uns arbres. Ha estat un dia molt m\u00e0gic i especial!!<\/p>\n<p>A continuaci\u00f3 us deixem el resultat d&#8217;imatges.<\/p>\n<p><a href=\"https:\/\/photos.app.goo.gl\/924ZhpyBuTjD5VrKA\"><img loading=\"lazy\" decoding=\"async\" class=\"size-medium wp-image-5409 aligncenter\" src=\"https:\/\/agora.xtec.cat\/ceip-antoni-gaudi\/wp-content\/uploads\/usu683\/2022\/12\/20221212_101153-300x225.jpg\" alt=\"\" width=\"300\" height=\"225\" srcset=\"https:\/\/agora.xtec.cat\/ceip-antoni-gaudi\/wp-content\/uploads\/usu683\/2022\/12\/20221212_101153-300x225.jpg 300w, https:\/\/agora.xtec.cat\/ceip-antoni-gaudi\/wp-content\/uploads\/usu683\/2022\/12\/20221212_101153-1024x768.jpg 1024w, https:\/\/agora.xtec.cat\/ceip-antoni-gaudi\/wp-content\/uploads\/usu683\/2022\/12\/20221212_101153-768x576.jpg 768w, https:\/\/agora.xtec.cat\/ceip-antoni-gaudi\/wp-content\/uploads\/usu683\/2022\/12\/20221212_101153-200x150.jpg 200w, https:\/\/agora.xtec.cat\/ceip-antoni-gaudi\/wp-content\/uploads\/usu683\/2022\/12\/20221212_101153.jpg 1040w\" sizes=\"auto, (max-width: 300px) 100vw, 300px\" \/><\/a><\/p>\n<p>&nbsp;<\/p>\n","protected":false},"excerpt":{"rendered":"<p>Dilluns\u00a0 els nens i nenes de sis\u00e8, han acompanyat els m\u00e9s petitons de l&#8217;escola a buscar el ti\u00f3. Despr\u00e9s de cridar-lo molt l&#8217;hem trobat amagat sota uns arbres. Ha estat un dia molt m\u00e0gic i especial!!<br \/>\nA continuaci\u00f3 us deixem el resultat d&#8217;imatges.<br \/>\n<a href=\"https:\/\/photos.app.goo.gl\/924ZhpyBuTjD5VrKA\"><\/a><br \/>\n&nbsp;<\/p>\n","protected":false},"author":5,"featured_media":0,"comment_status":"open","ping_status":"closed","sticky":false,"template":"","format":"standard","meta":{"_bbp_topic_count":0,"_bbp_reply_count":0,"_bbp_total_topic_count":0,"_bbp_total_reply_count":0,"_bbp_voice_count":0,"_bbp_anonymous_reply_count":0,"_bbp_topic_count_hidden":0,"_bbp_reply_count_hidden":0,"_bbp_forum_subforum_count":0,"footnotes":""},"categories":[1,15,4,229,5],"tags":[],"class_list":["post-5385","post","type-post","status-publish","format-standard","hentry","category-general","category-p6","category-portada","category-portada-portada","category-primaria"],"post_mailing_queue_ids":[],"_links":{"self":[{"href":"https:\/\/agora.xtec.cat\/ceip-antoni-gaudi\/wp-json\/wp\/v2\/posts\/5385","targetHints":{"allow":["GET"]}}],"collection":[{"href":"https:\/\/agora.xtec.cat\/ceip-antoni-gaudi\/wp-json\/wp\/v2\/posts"}],"about":[{"href":"https:\/\/agora.xtec.cat\/ceip-antoni-gaudi\/wp-json\/wp\/v2\/types\/post"}],"author":[{"embeddable":true,"href":"https:\/\/agora.xtec.cat\/ceip-antoni-gaudi\/wp-json\/wp\/v2\/users\/5"}],"replies":[{"embeddable":true,"href":"https:\/\/agora.xtec.cat\/ceip-antoni-gaudi\/wp-json\/wp\/v2\/comments?post=5385"}],"version-history":[{"count":3,"href":"https:\/\/agora.xtec.cat\/ceip-antoni-gaudi\/wp-json\/wp\/v2\/posts\/5385\/revisions"}],"predecessor-version":[{"id":5429,"href":"https:\/\/agora.xtec.cat\/ceip-antoni-gaudi\/wp-json\/wp\/v2\/posts\/5385\/revisions\/5429"}],"wp:attachment":[{"href":"https:\/\/agora.xtec.cat\/ceip-antoni-gaudi\/wp-json\/wp\/v2\/media?parent=5385"}],"wp:term":[{"taxonomy":"category","embeddable":true,"href":"https:\/\/agora.xtec.cat\/ceip-antoni-gaudi\/wp-json\/wp\/v2\/categories?post=5385"},{"taxonomy":"post_tag","embeddable":true,"href":"https:\/\/agora.xtec.cat\/ceip-antoni-gaudi\/wp-json\/wp\/v2\/tags?post=5385"}],"curies":[{"name":"wp","href":"https:\/\/api.w.org\/{rel}","templated":true}]}}