{"id":5383,"date":"2022-12-16T15:29:59","date_gmt":"2022-12-16T14:29:59","guid":{"rendered":"https:\/\/agora.xtec.cat\/ceip-antoni-gaudi\/?p=5383"},"modified":"2022-12-16T15:29:59","modified_gmt":"2022-12-16T14:29:59","slug":"concert-de-nadal-de-5e","status":"publish","type":"post","link":"https:\/\/agora.xtec.cat\/ceip-antoni-gaudi\/general\/concert-de-nadal-de-5e\/","title":{"rendered":"Concert de Nadal de 5\u00e8 !"},"content":{"rendered":"<p>Acomiadem aquest primer trimestre amb el concert de Nadal\ud83c\udfa4 dels grans de l&#8217;escola. Tots i totes estaven guap\u00edssims i han cantat i ballat amb molta il\u00b7lusi\u00f3. Ha estat un mat\u00ed ple d&#8217;emocions i desitjos que els i les alumnes han compartit amb les fam\u00edlies.\ud83c\udf32<\/p>\n<p>Cliqueu per veure m\u00e9s \ud83d\udcf8<\/p>\n<p><a href=\"https:\/\/photos.app.goo.gl\/ybR4SdYToh6eyMyM6\"><img loading=\"lazy\" decoding=\"async\" class=\"\" src=\"https:\/\/agora.xtec.cat\/ceip-antoni-gaudi\/wp-content\/uploads\/usu683\/2022\/12\/IMG_20221215_113010-scaled.jpg\" width=\"384\" height=\"288\" \/><\/a><\/p>\n","protected":false},"excerpt":{"rendered":"<p>Acomiadem aquest primer trimestre amb el concert de Nadal\ud83c\udfa4 dels grans de l&#8217;escola. Tots i totes estaven guap\u00edssims i han cantat i ballat amb molta il\u00b7lusi\u00f3. Ha estat un mat\u00ed ple d&#8217;emocions i desitjos que els i les alumnes han compartit amb les fam\u00edlies.\ud83c\udf32<br \/>\nCliqueu per&hellip;  <a href=\"https:\/\/agora.xtec.cat\/ceip-antoni-gaudi\/general\/concert-de-nadal-de-5e\/\" title=\"Read Concert de Nadal de 5\u00e8 !\">Llegeix m\u00e9s\u00bb<\/a><\/p>\n","protected":false},"author":5,"featured_media":5404,"comment_status":"open","ping_status":"closed","sticky":false,"template":"","format":"standard","meta":{"_bbp_topic_count":0,"_bbp_reply_count":0,"_bbp_total_topic_count":0,"_bbp_total_reply_count":0,"_bbp_voice_count":0,"_bbp_anonymous_reply_count":0,"_bbp_topic_count_hidden":0,"_bbp_reply_count_hidden":0,"_bbp_forum_subforum_count":0,"footnotes":""},"categories":[1,14,4,229,5],"tags":[],"class_list":["post-5383","post","type-post","status-publish","format-standard","has-post-thumbnail","hentry","category-general","category-p5","category-portada","category-portada-portada","category-primaria"],"post_mailing_queue_ids":[],"_links":{"self":[{"href":"https:\/\/agora.xtec.cat\/ceip-antoni-gaudi\/wp-json\/wp\/v2\/posts\/5383","targetHints":{"allow":["GET"]}}],"collection":[{"href":"https:\/\/agora.xtec.cat\/ceip-antoni-gaudi\/wp-json\/wp\/v2\/posts"}],"about":[{"href":"https:\/\/agora.xtec.cat\/ceip-antoni-gaudi\/wp-json\/wp\/v2\/types\/post"}],"author":[{"embeddable":true,"href":"https:\/\/agora.xtec.cat\/ceip-antoni-gaudi\/wp-json\/wp\/v2\/users\/5"}],"replies":[{"embeddable":true,"href":"https:\/\/agora.xtec.cat\/ceip-antoni-gaudi\/wp-json\/wp\/v2\/comments?post=5383"}],"version-history":[{"count":3,"href":"https:\/\/agora.xtec.cat\/ceip-antoni-gaudi\/wp-json\/wp\/v2\/posts\/5383\/revisions"}],"predecessor-version":[{"id":5406,"href":"https:\/\/agora.xtec.cat\/ceip-antoni-gaudi\/wp-json\/wp\/v2\/posts\/5383\/revisions\/5406"}],"wp:featuredmedia":[{"embeddable":true,"href":"https:\/\/agora.xtec.cat\/ceip-antoni-gaudi\/wp-json\/wp\/v2\/media\/5404"}],"wp:attachment":[{"href":"https:\/\/agora.xtec.cat\/ceip-antoni-gaudi\/wp-json\/wp\/v2\/media?parent=5383"}],"wp:term":[{"taxonomy":"category","embeddable":true,"href":"https:\/\/agora.xtec.cat\/ceip-antoni-gaudi\/wp-json\/wp\/v2\/categories?post=5383"},{"taxonomy":"post_tag","embeddable":true,"href":"https:\/\/agora.xtec.cat\/ceip-antoni-gaudi\/wp-json\/wp\/v2\/tags?post=5383"}],"curies":[{"name":"wp","href":"https:\/\/api.w.org\/{rel}","templated":true}]}}