{"id":5380,"date":"2022-12-15T17:08:57","date_gmt":"2022-12-15T16:08:57","guid":{"rendered":"https:\/\/agora.xtec.cat\/ceip-antoni-gaudi\/?p=5380"},"modified":"2022-12-15T17:12:49","modified_gmt":"2022-12-15T16:12:49","slug":"concert-de-nadal-dinfantil","status":"publish","type":"post","link":"https:\/\/agora.xtec.cat\/ceip-antoni-gaudi\/general\/concert-de-nadal-dinfantil\/","title":{"rendered":"Concert de Nadal d&#8217;Infantil"},"content":{"rendered":"<p style=\"text-align: justify;\">Dimecres a la tarda l&#8217;alumnat d&#8217;Infantil va gaudir del seu <strong><span style=\"color: #008000;\">CONCERT<\/span>\u00a0\ud83c\udfa4 <span style=\"color: #008000;\">de NADAL <\/span><\/strong>\ud83d\udcab\ud83c\udf84. Cada nivell va cantar una <strong><span style=\"color: #ff0000;\">nadala<\/span><\/strong>, va ballar una<span style=\"color: #e01d1d;\"><strong> dansa<\/strong><\/span> i ens va recitar un <strong><span style=\"color: #fa3939;\">poema<\/span><\/strong> de Nadal. Per acomiadar la festa, tots junts van cantar una <strong><span style=\"color: #169e5a;\">can\u00e7\u00f3 en angl\u00e8s<\/span><\/strong>.<\/p>\n<p style=\"text-align: justify;\">Totes i tots estaven guap\u00edssims i ho van fer s\u00faper b\u00e9\ud83d\udc4c! <strong>S\u00f3n uns i unes artistes! <\/strong>Us deixem totes les \ud83d\udcf8 de l&#8217;espectacle.<a href=\"https:\/\/photos.app.goo.gl\/zNN73KSndAArYzhM6\"><img loading=\"lazy\" decoding=\"async\" class=\"aligncenter  wp-image-5396\" src=\"https:\/\/agora.xtec.cat\/ceip-antoni-gaudi\/wp-content\/uploads\/usu683\/2022\/12\/IMG_2371-1024x768.jpg\" alt=\"\" width=\"311\" height=\"233\" srcset=\"https:\/\/agora.xtec.cat\/ceip-antoni-gaudi\/wp-content\/uploads\/usu683\/2022\/12\/IMG_2371-1024x768.jpg 1024w, https:\/\/agora.xtec.cat\/ceip-antoni-gaudi\/wp-content\/uploads\/usu683\/2022\/12\/IMG_2371-300x225.jpg 300w, https:\/\/agora.xtec.cat\/ceip-antoni-gaudi\/wp-content\/uploads\/usu683\/2022\/12\/IMG_2371-768x576.jpg 768w, https:\/\/agora.xtec.cat\/ceip-antoni-gaudi\/wp-content\/uploads\/usu683\/2022\/12\/IMG_2371-1536x1152.jpg 1536w, https:\/\/agora.xtec.cat\/ceip-antoni-gaudi\/wp-content\/uploads\/usu683\/2022\/12\/IMG_2371-2048x1536.jpg 2048w, https:\/\/agora.xtec.cat\/ceip-antoni-gaudi\/wp-content\/uploads\/usu683\/2022\/12\/IMG_2371-200x150.jpg 200w\" sizes=\"auto, (max-width: 311px) 100vw, 311px\" \/><\/a><\/p>\n","protected":false},"excerpt":{"rendered":"<p>Dimecres a la tarda l&#8217;alumnat d&#8217;Infantil va gaudir del seu CONCERT\u00a0\ud83c\udfa4 de NADAL \ud83d\udcab\ud83c\udf84. Cada nivell va cantar una nadala, va ballar una dansa i ens va recitar un poema de Nadal. Per acomiadar la festa, tots junts van cantar una can\u00e7\u00f3 en angl\u00e8s.<br \/>\nTotes i&hellip;  <a href=\"https:\/\/agora.xtec.cat\/ceip-antoni-gaudi\/general\/concert-de-nadal-dinfantil\/\" title=\"Read Concert de Nadal d&#8217;Infantil\">Llegeix m\u00e9s\u00bb<\/a><\/p>\n","protected":false},"author":6,"featured_media":0,"comment_status":"open","ping_status":"closed","sticky":false,"template":"","format":"standard","meta":{"_bbp_topic_count":0,"_bbp_reply_count":0,"_bbp_total_topic_count":0,"_bbp_total_reply_count":0,"_bbp_voice_count":0,"_bbp_anonymous_reply_count":0,"_bbp_topic_count_hidden":0,"_bbp_reply_count_hidden":0,"_bbp_forum_subforum_count":0,"footnotes":""},"categories":[1,3,8,9,2,4],"tags":[],"class_list":["post-5380","post","type-post","status-publish","format-standard","hentry","category-general","category-i3","category-i4","category-i5","category-infantil","category-portada"],"post_mailing_queue_ids":[],"_links":{"self":[{"href":"https:\/\/agora.xtec.cat\/ceip-antoni-gaudi\/wp-json\/wp\/v2\/posts\/5380","targetHints":{"allow":["GET"]}}],"collection":[{"href":"https:\/\/agora.xtec.cat\/ceip-antoni-gaudi\/wp-json\/wp\/v2\/posts"}],"about":[{"href":"https:\/\/agora.xtec.cat\/ceip-antoni-gaudi\/wp-json\/wp\/v2\/types\/post"}],"author":[{"embeddable":true,"href":"https:\/\/agora.xtec.cat\/ceip-antoni-gaudi\/wp-json\/wp\/v2\/users\/6"}],"replies":[{"embeddable":true,"href":"https:\/\/agora.xtec.cat\/ceip-antoni-gaudi\/wp-json\/wp\/v2\/comments?post=5380"}],"version-history":[{"count":3,"href":"https:\/\/agora.xtec.cat\/ceip-antoni-gaudi\/wp-json\/wp\/v2\/posts\/5380\/revisions"}],"predecessor-version":[{"id":5397,"href":"https:\/\/agora.xtec.cat\/ceip-antoni-gaudi\/wp-json\/wp\/v2\/posts\/5380\/revisions\/5397"}],"wp:attachment":[{"href":"https:\/\/agora.xtec.cat\/ceip-antoni-gaudi\/wp-json\/wp\/v2\/media?parent=5380"}],"wp:term":[{"taxonomy":"category","embeddable":true,"href":"https:\/\/agora.xtec.cat\/ceip-antoni-gaudi\/wp-json\/wp\/v2\/categories?post=5380"},{"taxonomy":"post_tag","embeddable":true,"href":"https:\/\/agora.xtec.cat\/ceip-antoni-gaudi\/wp-json\/wp\/v2\/tags?post=5380"}],"curies":[{"name":"wp","href":"https:\/\/api.w.org\/{rel}","templated":true}]}}