{"id":5321,"date":"2022-11-25T09:25:51","date_gmt":"2022-11-25T08:25:51","guid":{"rendered":"https:\/\/agora.xtec.cat\/ceip-antoni-gaudi\/?p=5321"},"modified":"2022-11-25T09:25:51","modified_gmt":"2022-11-25T08:25:51","slug":"taller-monica-lorganica-a-segon","status":"publish","type":"post","link":"https:\/\/agora.xtec.cat\/ceip-antoni-gaudi\/general\/taller-monica-lorganica-a-segon\/","title":{"rendered":"Taller M\u00f2nica l\u2019org\u00e0nica a Segon"},"content":{"rendered":"<p>El passat dimecres els alumnes de 2n vam fer el taller &#8220;M\u00f2nica l&#8217;org\u00e0nica&#8221;.<\/p>\n<p>Vam aprendre la import\u00e0ncia de reciclar i ens vam centrar en l&#8217;org\u00e0nica, tot fent un &#8220;titella&#8221; amb llavors i terra.<\/p>\n<p>Teniu totes les imatges clicant sobre la fotografia.<\/p>\n<p><a href=\"https:\/\/photos.app.goo.gl\/iJ3eFQqaiMTv669W9\" target=\"_blank\" rel=\"noopener\"><img loading=\"lazy\" decoding=\"async\" class=\"aligncenter  wp-image-5323\" src=\"https:\/\/agora.xtec.cat\/ceip-antoni-gaudi\/wp-content\/uploads\/usu683\/2022\/11\/FE194B80-1B8A-4628-9ED1-7B285112E7EF-1-scaled.jpg\" alt=\"\" width=\"576\" height=\"405\" srcset=\"https:\/\/agora.xtec.cat\/ceip-antoni-gaudi\/wp-content\/uploads\/usu683\/2022\/11\/FE194B80-1B8A-4628-9ED1-7B285112E7EF-1-scaled.jpg 2560w, https:\/\/agora.xtec.cat\/ceip-antoni-gaudi\/wp-content\/uploads\/usu683\/2022\/11\/FE194B80-1B8A-4628-9ED1-7B285112E7EF-1-300x211.jpg 300w, https:\/\/agora.xtec.cat\/ceip-antoni-gaudi\/wp-content\/uploads\/usu683\/2022\/11\/FE194B80-1B8A-4628-9ED1-7B285112E7EF-1-1024x720.jpg 1024w, https:\/\/agora.xtec.cat\/ceip-antoni-gaudi\/wp-content\/uploads\/usu683\/2022\/11\/FE194B80-1B8A-4628-9ED1-7B285112E7EF-1-768x540.jpg 768w, https:\/\/agora.xtec.cat\/ceip-antoni-gaudi\/wp-content\/uploads\/usu683\/2022\/11\/FE194B80-1B8A-4628-9ED1-7B285112E7EF-1-1536x1081.jpg 1536w, https:\/\/agora.xtec.cat\/ceip-antoni-gaudi\/wp-content\/uploads\/usu683\/2022\/11\/FE194B80-1B8A-4628-9ED1-7B285112E7EF-1-2048x1441.jpg 2048w\" sizes=\"auto, (max-width: 576px) 100vw, 576px\" \/><\/a><\/p>\n","protected":false},"excerpt":{"rendered":"<p>El passat dimecres els alumnes de 2n vam fer el taller &#8220;M\u00f2nica l&#8217;org\u00e0nica&#8221;.<br \/>\nVam aprendre la import\u00e0ncia de reciclar i ens vam centrar en l&#8217;org\u00e0nica, tot fent un &#8220;titella&#8221; amb llavors i terra.<br \/>\nTeniu totes les imatges clicant sobre la fotografia.<br \/>\n<a href=\"https:\/\/photos.app.goo.gl\/iJ3eFQqaiMTv669W9\" target=\"_blank\" rel=\"noopener\"><\/a><\/p>\n","protected":false},"author":4,"featured_media":0,"comment_status":"open","ping_status":"closed","sticky":false,"template":"","format":"standard","meta":{"_bbp_topic_count":0,"_bbp_reply_count":0,"_bbp_total_topic_count":0,"_bbp_total_reply_count":0,"_bbp_voice_count":0,"_bbp_anonymous_reply_count":0,"_bbp_topic_count_hidden":0,"_bbp_reply_count_hidden":0,"_bbp_forum_subforum_count":0,"footnotes":""},"categories":[1,11,4,229,5],"tags":[],"class_list":["post-5321","post","type-post","status-publish","format-standard","hentry","category-general","category-p2","category-portada","category-portada-portada","category-primaria"],"post_mailing_queue_ids":[],"_links":{"self":[{"href":"https:\/\/agora.xtec.cat\/ceip-antoni-gaudi\/wp-json\/wp\/v2\/posts\/5321","targetHints":{"allow":["GET"]}}],"collection":[{"href":"https:\/\/agora.xtec.cat\/ceip-antoni-gaudi\/wp-json\/wp\/v2\/posts"}],"about":[{"href":"https:\/\/agora.xtec.cat\/ceip-antoni-gaudi\/wp-json\/wp\/v2\/types\/post"}],"author":[{"embeddable":true,"href":"https:\/\/agora.xtec.cat\/ceip-antoni-gaudi\/wp-json\/wp\/v2\/users\/4"}],"replies":[{"embeddable":true,"href":"https:\/\/agora.xtec.cat\/ceip-antoni-gaudi\/wp-json\/wp\/v2\/comments?post=5321"}],"version-history":[{"count":1,"href":"https:\/\/agora.xtec.cat\/ceip-antoni-gaudi\/wp-json\/wp\/v2\/posts\/5321\/revisions"}],"predecessor-version":[{"id":5324,"href":"https:\/\/agora.xtec.cat\/ceip-antoni-gaudi\/wp-json\/wp\/v2\/posts\/5321\/revisions\/5324"}],"wp:attachment":[{"href":"https:\/\/agora.xtec.cat\/ceip-antoni-gaudi\/wp-json\/wp\/v2\/media?parent=5321"}],"wp:term":[{"taxonomy":"category","embeddable":true,"href":"https:\/\/agora.xtec.cat\/ceip-antoni-gaudi\/wp-json\/wp\/v2\/categories?post=5321"},{"taxonomy":"post_tag","embeddable":true,"href":"https:\/\/agora.xtec.cat\/ceip-antoni-gaudi\/wp-json\/wp\/v2\/tags?post=5321"}],"curies":[{"name":"wp","href":"https:\/\/api.w.org\/{rel}","templated":true}]}}