{"id":5316,"date":"2022-11-24T16:47:23","date_gmt":"2022-11-24T15:47:23","guid":{"rendered":"https:\/\/agora.xtec.cat\/ceip-antoni-gaudi\/?p=5316"},"modified":"2022-11-24T16:47:23","modified_gmt":"2022-11-24T15:47:23","slug":"racons-de-matematiques-a-educacio-infantil","status":"publish","type":"post","link":"https:\/\/agora.xtec.cat\/ceip-antoni-gaudi\/general\/racons-de-matematiques-a-educacio-infantil\/","title":{"rendered":"Racons de Matem\u00e0tiques a Educaci\u00f3 Infantil"},"content":{"rendered":"<p style=\"text-align: justify;\">A Educaci\u00f3 Infantil, unes de les metodologies que fem servir \u00e9s el <span style=\"color: #008080;\"><strong>TREBALL PER RACONS<\/strong><\/span>. Consisteix a organitzar l&#8217;aula en <strong>diversos espais<\/strong> on els infants, en <strong>petits grups<\/strong>, aprenen de manera manipulativa, descobrint, explorant i experimentant amb els diferents materials i propostes.<br \/>\nAquesta metodologia permet a les nenes i els nens potenciar la seva pr\u00f2pia <span style=\"color: #68cccc;\"><strong>autonomia<\/strong><\/span>, aprenen a <span style=\"color: #68cccc;\"><strong>treballar en equip<\/strong><\/span>, a <span style=\"color: #68cccc;\"><strong>col\u00b7laborar<\/strong><\/span> i a<span style=\"color: #68cccc;\"><strong> compartir<\/strong><\/span>. L&#8217;infant \u00e9s el protagonista: participa activament en els seus aprenentatges i aix\u00ed aconsegueix que siguin significatius i funcionals.<\/p>\n<p>Algun dels racons que hem realitzat serveixen per treballar: la l\u00f2gica, la classificaci\u00f3 de materials, el c\u00e0lcul i la numeraci\u00f3, la motricitat fina, el grafisme, les s\u00e8ries, entre d&#8217;altres.<\/p>\n<p>A continuaci\u00f3 us deixem una petita mostra.<\/p>\n<p><a href=\"https:\/\/photos.app.goo.gl\/2rkjR9XnbNtiHgYm7\"><img loading=\"lazy\" decoding=\"async\" class=\" wp-image-5317 alignnone\" src=\"https:\/\/agora.xtec.cat\/ceip-antoni-gaudi\/wp-content\/uploads\/usu683\/2022\/11\/1-300x243.png\" alt=\"\" width=\"177\" height=\"144\" srcset=\"https:\/\/agora.xtec.cat\/ceip-antoni-gaudi\/wp-content\/uploads\/usu683\/2022\/11\/1-300x243.png 300w, https:\/\/agora.xtec.cat\/ceip-antoni-gaudi\/wp-content\/uploads\/usu683\/2022\/11\/1-768x621.png 768w, https:\/\/agora.xtec.cat\/ceip-antoni-gaudi\/wp-content\/uploads\/usu683\/2022\/11\/1.png 844w\" sizes=\"auto, (max-width: 177px) 100vw, 177px\" \/> <\/a><a href=\"https:\/\/photos.app.goo.gl\/JzEV6Vaa8ckgwp3r8\"><img loading=\"lazy\" decoding=\"async\" class=\" wp-image-5318 alignnone\" src=\"https:\/\/agora.xtec.cat\/ceip-antoni-gaudi\/wp-content\/uploads\/usu683\/2022\/11\/2-300x240.png\" alt=\"\" width=\"180\" height=\"144\" srcset=\"https:\/\/agora.xtec.cat\/ceip-antoni-gaudi\/wp-content\/uploads\/usu683\/2022\/11\/2-300x240.png 300w, https:\/\/agora.xtec.cat\/ceip-antoni-gaudi\/wp-content\/uploads\/usu683\/2022\/11\/2-768x616.png 768w, https:\/\/agora.xtec.cat\/ceip-antoni-gaudi\/wp-content\/uploads\/usu683\/2022\/11\/2.png 842w\" sizes=\"auto, (max-width: 180px) 100vw, 180px\" \/> <\/a><a href=\"https:\/\/photos.app.goo.gl\/u3X5nC6nZWW4259u8\"><img loading=\"lazy\" decoding=\"async\" class=\" wp-image-5319 alignnone\" src=\"https:\/\/agora.xtec.cat\/ceip-antoni-gaudi\/wp-content\/uploads\/usu683\/2022\/11\/3-300x241.png\" alt=\"\" width=\"179\" height=\"144\" srcset=\"https:\/\/agora.xtec.cat\/ceip-antoni-gaudi\/wp-content\/uploads\/usu683\/2022\/11\/3-300x241.png 300w, https:\/\/agora.xtec.cat\/ceip-antoni-gaudi\/wp-content\/uploads\/usu683\/2022\/11\/3-768x616.png 768w, https:\/\/agora.xtec.cat\/ceip-antoni-gaudi\/wp-content\/uploads\/usu683\/2022\/11\/3.png 841w\" sizes=\"auto, (max-width: 179px) 100vw, 179px\" \/><\/a><\/p>\n","protected":false},"excerpt":{"rendered":"<p>A Educaci\u00f3 Infantil, unes de les metodologies que fem servir \u00e9s el TREBALL PER RACONS. Consisteix a organitzar l&#8217;aula en diversos espais on els infants, en petits grups, aprenen de manera manipulativa, descobrint, explorant i experimentant amb els diferents materials i propostes.<br \/>\nAquesta metodologia permet a&hellip;  <a href=\"https:\/\/agora.xtec.cat\/ceip-antoni-gaudi\/general\/racons-de-matematiques-a-educacio-infantil\/\" title=\"Read Racons de Matem\u00e0tiques a Educaci\u00f3 Infantil\">Llegeix m\u00e9s\u00bb<\/a><\/p>\n","protected":false},"author":6,"featured_media":0,"comment_status":"open","ping_status":"closed","sticky":false,"template":"","format":"standard","meta":{"_bbp_topic_count":0,"_bbp_reply_count":0,"_bbp_total_topic_count":0,"_bbp_total_reply_count":0,"_bbp_voice_count":0,"_bbp_anonymous_reply_count":0,"_bbp_topic_count_hidden":0,"_bbp_reply_count_hidden":0,"_bbp_forum_subforum_count":0,"footnotes":""},"categories":[1,3,8,9,2,4,229],"tags":[],"class_list":["post-5316","post","type-post","status-publish","format-standard","hentry","category-general","category-i3","category-i4","category-i5","category-infantil","category-portada","category-portada-portada"],"post_mailing_queue_ids":[],"_links":{"self":[{"href":"https:\/\/agora.xtec.cat\/ceip-antoni-gaudi\/wp-json\/wp\/v2\/posts\/5316","targetHints":{"allow":["GET"]}}],"collection":[{"href":"https:\/\/agora.xtec.cat\/ceip-antoni-gaudi\/wp-json\/wp\/v2\/posts"}],"about":[{"href":"https:\/\/agora.xtec.cat\/ceip-antoni-gaudi\/wp-json\/wp\/v2\/types\/post"}],"author":[{"embeddable":true,"href":"https:\/\/agora.xtec.cat\/ceip-antoni-gaudi\/wp-json\/wp\/v2\/users\/6"}],"replies":[{"embeddable":true,"href":"https:\/\/agora.xtec.cat\/ceip-antoni-gaudi\/wp-json\/wp\/v2\/comments?post=5316"}],"version-history":[{"count":1,"href":"https:\/\/agora.xtec.cat\/ceip-antoni-gaudi\/wp-json\/wp\/v2\/posts\/5316\/revisions"}],"predecessor-version":[{"id":5320,"href":"https:\/\/agora.xtec.cat\/ceip-antoni-gaudi\/wp-json\/wp\/v2\/posts\/5316\/revisions\/5320"}],"wp:attachment":[{"href":"https:\/\/agora.xtec.cat\/ceip-antoni-gaudi\/wp-json\/wp\/v2\/media?parent=5316"}],"wp:term":[{"taxonomy":"category","embeddable":true,"href":"https:\/\/agora.xtec.cat\/ceip-antoni-gaudi\/wp-json\/wp\/v2\/categories?post=5316"},{"taxonomy":"post_tag","embeddable":true,"href":"https:\/\/agora.xtec.cat\/ceip-antoni-gaudi\/wp-json\/wp\/v2\/tags?post=5316"}],"curies":[{"name":"wp","href":"https:\/\/api.w.org\/{rel}","templated":true}]}}