{"id":5302,"date":"2022-11-24T13:55:45","date_gmt":"2022-11-24T12:55:45","guid":{"rendered":"https:\/\/agora.xtec.cat\/ceip-antoni-gaudi\/?p=5302"},"modified":"2022-11-24T13:55:45","modified_gmt":"2022-11-24T12:55:45","slug":"aprenem-el-relleu-de-catalunya","status":"publish","type":"post","link":"https:\/\/agora.xtec.cat\/ceip-antoni-gaudi\/general\/aprenem-el-relleu-de-catalunya\/","title":{"rendered":"Aprenem el relleu de Catalunya"},"content":{"rendered":"<p>Com ho fem per aprendre el relleu de Catalunya?<br \/>\nDurant aquestes setmanes els i les alumnes de 5\u00e8 han comen\u00e7at a con\u00e8ixer el relleu de Catalunya, han fet un mapa de serralades i un de rius amb paper vegetal, tamb\u00e9 hem pogut veure la part m\u00e9s art\u00edstica dels alumnes&#8230; jajaja.<\/p>\n<p>A m\u00e9s per consolidar els coneixements hem fet alguns jocs interactius i cooperatius que han motivat molt als nens i nenes de 5\u00e8.<\/p>\n<p>Cliqueu per veure m\u00e9s \ud83d\udcf8<\/p>\n<p><a href=\"https:\/\/agora.xtec.cat\/ceip-antoni-gaudi\/wp-content\/uploads\/usu683\/2022\/11\/IMG_20221114_115744-1-scaled.jpg\"><img loading=\"lazy\" decoding=\"async\" class=\"alignnone wp-image-5311\" src=\"https:\/\/agora.xtec.cat\/ceip-antoni-gaudi\/wp-content\/uploads\/usu683\/2022\/11\/IMG_20221114_115744-1-224x300.jpg\" alt=\"\" width=\"193\" height=\"258\" srcset=\"https:\/\/agora.xtec.cat\/ceip-antoni-gaudi\/wp-content\/uploads\/usu683\/2022\/11\/IMG_20221114_115744-1-224x300.jpg 224w, https:\/\/agora.xtec.cat\/ceip-antoni-gaudi\/wp-content\/uploads\/usu683\/2022\/11\/IMG_20221114_115744-1-766x1024.jpg 766w, https:\/\/agora.xtec.cat\/ceip-antoni-gaudi\/wp-content\/uploads\/usu683\/2022\/11\/IMG_20221114_115744-1-768x1026.jpg 768w, https:\/\/agora.xtec.cat\/ceip-antoni-gaudi\/wp-content\/uploads\/usu683\/2022\/11\/IMG_20221114_115744-1-1149x1536.jpg 1149w, https:\/\/agora.xtec.cat\/ceip-antoni-gaudi\/wp-content\/uploads\/usu683\/2022\/11\/IMG_20221114_115744-1-1532x2048.jpg 1532w, https:\/\/agora.xtec.cat\/ceip-antoni-gaudi\/wp-content\/uploads\/usu683\/2022\/11\/IMG_20221114_115744-1-scaled.jpg 1916w\" sizes=\"auto, (max-width: 193px) 100vw, 193px\" \/><\/a><a href=\"https:\/\/photos.app.goo.gl\/geuYugEXs7Fx7tpi8\"><img loading=\"lazy\" decoding=\"async\" class=\"wp-image-5305 alignleft\" src=\"https:\/\/agora.xtec.cat\/ceip-antoni-gaudi\/wp-content\/uploads\/usu683\/2022\/11\/IMG_20221124_105903-1-1-1-300x224.jpg\" alt=\"\" width=\"268\" height=\"200\" srcset=\"https:\/\/agora.xtec.cat\/ceip-antoni-gaudi\/wp-content\/uploads\/usu683\/2022\/11\/IMG_20221124_105903-1-1-1-300x224.jpg 300w, https:\/\/agora.xtec.cat\/ceip-antoni-gaudi\/wp-content\/uploads\/usu683\/2022\/11\/IMG_20221124_105903-1-1-1-1024x766.jpg 1024w, https:\/\/agora.xtec.cat\/ceip-antoni-gaudi\/wp-content\/uploads\/usu683\/2022\/11\/IMG_20221124_105903-1-1-1-768x575.jpg 768w, https:\/\/agora.xtec.cat\/ceip-antoni-gaudi\/wp-content\/uploads\/usu683\/2022\/11\/IMG_20221124_105903-1-1-1-1536x1149.jpg 1536w, https:\/\/agora.xtec.cat\/ceip-antoni-gaudi\/wp-content\/uploads\/usu683\/2022\/11\/IMG_20221124_105903-1-1-1-2048x1532.jpg 2048w, https:\/\/agora.xtec.cat\/ceip-antoni-gaudi\/wp-content\/uploads\/usu683\/2022\/11\/IMG_20221124_105903-1-1-1-200x150.jpg 200w\" sizes=\"auto, (max-width: 268px) 100vw, 268px\" \/><\/a><\/p>\n","protected":false},"excerpt":{"rendered":"<p>Com ho fem per aprendre el relleu de Catalunya?<br \/>\nDurant aquestes setmanes els i les alumnes de 5\u00e8 han comen\u00e7at a con\u00e8ixer el relleu de Catalunya, han fet un mapa de serralades i un de rius amb paper vegetal, tamb\u00e9 hem pogut veure la part m\u00e9s&hellip;  <a href=\"https:\/\/agora.xtec.cat\/ceip-antoni-gaudi\/general\/aprenem-el-relleu-de-catalunya\/\" title=\"Read Aprenem el relleu de Catalunya\">Llegeix m\u00e9s\u00bb<\/a><\/p>\n","protected":false},"author":5,"featured_media":5303,"comment_status":"open","ping_status":"closed","sticky":false,"template":"","format":"standard","meta":{"_bbp_topic_count":0,"_bbp_reply_count":0,"_bbp_total_topic_count":0,"_bbp_total_reply_count":0,"_bbp_voice_count":0,"_bbp_anonymous_reply_count":0,"_bbp_topic_count_hidden":0,"_bbp_reply_count_hidden":0,"_bbp_forum_subforum_count":0,"footnotes":""},"categories":[1,14,4,229,5],"tags":[],"class_list":["post-5302","post","type-post","status-publish","format-standard","has-post-thumbnail","hentry","category-general","category-p5","category-portada","category-portada-portada","category-primaria"],"post_mailing_queue_ids":[],"_links":{"self":[{"href":"https:\/\/agora.xtec.cat\/ceip-antoni-gaudi\/wp-json\/wp\/v2\/posts\/5302","targetHints":{"allow":["GET"]}}],"collection":[{"href":"https:\/\/agora.xtec.cat\/ceip-antoni-gaudi\/wp-json\/wp\/v2\/posts"}],"about":[{"href":"https:\/\/agora.xtec.cat\/ceip-antoni-gaudi\/wp-json\/wp\/v2\/types\/post"}],"author":[{"embeddable":true,"href":"https:\/\/agora.xtec.cat\/ceip-antoni-gaudi\/wp-json\/wp\/v2\/users\/5"}],"replies":[{"embeddable":true,"href":"https:\/\/agora.xtec.cat\/ceip-antoni-gaudi\/wp-json\/wp\/v2\/comments?post=5302"}],"version-history":[{"count":3,"href":"https:\/\/agora.xtec.cat\/ceip-antoni-gaudi\/wp-json\/wp\/v2\/posts\/5302\/revisions"}],"predecessor-version":[{"id":5315,"href":"https:\/\/agora.xtec.cat\/ceip-antoni-gaudi\/wp-json\/wp\/v2\/posts\/5302\/revisions\/5315"}],"wp:featuredmedia":[{"embeddable":true,"href":"https:\/\/agora.xtec.cat\/ceip-antoni-gaudi\/wp-json\/wp\/v2\/media\/5303"}],"wp:attachment":[{"href":"https:\/\/agora.xtec.cat\/ceip-antoni-gaudi\/wp-json\/wp\/v2\/media?parent=5302"}],"wp:term":[{"taxonomy":"category","embeddable":true,"href":"https:\/\/agora.xtec.cat\/ceip-antoni-gaudi\/wp-json\/wp\/v2\/categories?post=5302"},{"taxonomy":"post_tag","embeddable":true,"href":"https:\/\/agora.xtec.cat\/ceip-antoni-gaudi\/wp-json\/wp\/v2\/tags?post=5302"}],"curies":[{"name":"wp","href":"https:\/\/api.w.org\/{rel}","templated":true}]}}