{"id":5284,"date":"2022-11-18T16:02:30","date_gmt":"2022-11-18T15:02:30","guid":{"rendered":"https:\/\/agora.xtec.cat\/ceip-antoni-gaudi\/?p=5284"},"modified":"2022-11-18T16:03:24","modified_gmt":"2022-11-18T15:03:24","slug":"club-de-lectura","status":"publish","type":"post","link":"https:\/\/agora.xtec.cat\/ceip-antoni-gaudi\/general\/club-de-lectura\/","title":{"rendered":"CLUB DE LECTURA"},"content":{"rendered":"<p>CLUB DE LECTURA<\/p>\n<p>Els alumnes de 6\u00e8 iniciem el club de lectura\ud83d\udcda!!!<\/p>\n<p>Hem comen\u00e7at\u00a0 llegint dos llibres. La classe de 6\u00e8 A el llibre en catal\u00e0. &#8220;La incre\u00efble hist\u00f2ria dels AMICS DE MITJANIT&#8221;\u00a0 \u00a0I la classe\u00a0 de 6\u00e8 B\u00a0 el llibre en castell\u00e0\u00a0 de &#8220;La incre\u00edble historia de LA ABUELA GANSTER&#8221; de l&#8217;autor David Walliams.<\/p>\n<p>Ens hem engrescat molt i quan trobem una estona aprofitem per llegir. Tamb\u00e9 ens l&#8217;emportarem a casa per continuar descobrint i gaudint de la lectura.<\/p>\n<p><a href=\"https:\/\/photos.app.goo.gl\/M94SqHn82fo6uVhR6\"><img loading=\"lazy\" decoding=\"async\" class=\"size-medium wp-image-5292 aligncenter\" src=\"https:\/\/agora.xtec.cat\/ceip-antoni-gaudi\/wp-content\/uploads\/usu683\/2022\/11\/IMG_8063-300x225.jpg\" alt=\"\" width=\"300\" height=\"225\" srcset=\"https:\/\/agora.xtec.cat\/ceip-antoni-gaudi\/wp-content\/uploads\/usu683\/2022\/11\/IMG_8063-300x225.jpg 300w, https:\/\/agora.xtec.cat\/ceip-antoni-gaudi\/wp-content\/uploads\/usu683\/2022\/11\/IMG_8063-1024x768.jpg 1024w, https:\/\/agora.xtec.cat\/ceip-antoni-gaudi\/wp-content\/uploads\/usu683\/2022\/11\/IMG_8063-768x576.jpg 768w, https:\/\/agora.xtec.cat\/ceip-antoni-gaudi\/wp-content\/uploads\/usu683\/2022\/11\/IMG_8063-1536x1152.jpg 1536w, https:\/\/agora.xtec.cat\/ceip-antoni-gaudi\/wp-content\/uploads\/usu683\/2022\/11\/IMG_8063-2048x1536.jpg 2048w, https:\/\/agora.xtec.cat\/ceip-antoni-gaudi\/wp-content\/uploads\/usu683\/2022\/11\/IMG_8063-200x150.jpg 200w\" sizes=\"auto, (max-width: 300px) 100vw, 300px\" \/><\/a><\/p>\n<p>&nbsp;<\/p>\n<p>&nbsp;<\/p>\n","protected":false},"excerpt":{"rendered":"<p>CLUB DE LECTURA<br \/>\nEls alumnes de 6\u00e8 iniciem el club de lectura\ud83d\udcda!!!<br \/>\nHem comen\u00e7at\u00a0 llegint dos llibres. La classe de 6\u00e8 A el llibre en catal\u00e0. &#8220;La incre\u00efble hist\u00f2ria dels AMICS DE MITJANIT&#8221;\u00a0 \u00a0I la classe\u00a0 de 6\u00e8 B\u00a0 el llibre en castell\u00e0\u00a0 de &#8220;La incre\u00edble historia&hellip;  <a href=\"https:\/\/agora.xtec.cat\/ceip-antoni-gaudi\/general\/club-de-lectura\/\" title=\"Read CLUB DE LECTURA\">Llegeix m\u00e9s\u00bb<\/a><\/p>\n","protected":false},"author":5,"featured_media":0,"comment_status":"open","ping_status":"closed","sticky":false,"template":"","format":"standard","meta":{"_bbp_topic_count":0,"_bbp_reply_count":0,"_bbp_total_topic_count":0,"_bbp_total_reply_count":0,"_bbp_voice_count":0,"_bbp_anonymous_reply_count":0,"_bbp_topic_count_hidden":0,"_bbp_reply_count_hidden":0,"_bbp_forum_subforum_count":0,"footnotes":""},"categories":[1,15,4,5],"tags":[],"class_list":["post-5284","post","type-post","status-publish","format-standard","hentry","category-general","category-p6","category-portada","category-primaria"],"post_mailing_queue_ids":[],"_links":{"self":[{"href":"https:\/\/agora.xtec.cat\/ceip-antoni-gaudi\/wp-json\/wp\/v2\/posts\/5284","targetHints":{"allow":["GET"]}}],"collection":[{"href":"https:\/\/agora.xtec.cat\/ceip-antoni-gaudi\/wp-json\/wp\/v2\/posts"}],"about":[{"href":"https:\/\/agora.xtec.cat\/ceip-antoni-gaudi\/wp-json\/wp\/v2\/types\/post"}],"author":[{"embeddable":true,"href":"https:\/\/agora.xtec.cat\/ceip-antoni-gaudi\/wp-json\/wp\/v2\/users\/5"}],"replies":[{"embeddable":true,"href":"https:\/\/agora.xtec.cat\/ceip-antoni-gaudi\/wp-json\/wp\/v2\/comments?post=5284"}],"version-history":[{"count":2,"href":"https:\/\/agora.xtec.cat\/ceip-antoni-gaudi\/wp-json\/wp\/v2\/posts\/5284\/revisions"}],"predecessor-version":[{"id":5295,"href":"https:\/\/agora.xtec.cat\/ceip-antoni-gaudi\/wp-json\/wp\/v2\/posts\/5284\/revisions\/5295"}],"wp:attachment":[{"href":"https:\/\/agora.xtec.cat\/ceip-antoni-gaudi\/wp-json\/wp\/v2\/media?parent=5284"}],"wp:term":[{"taxonomy":"category","embeddable":true,"href":"https:\/\/agora.xtec.cat\/ceip-antoni-gaudi\/wp-json\/wp\/v2\/categories?post=5284"},{"taxonomy":"post_tag","embeddable":true,"href":"https:\/\/agora.xtec.cat\/ceip-antoni-gaudi\/wp-json\/wp\/v2\/tags?post=5284"}],"curies":[{"name":"wp","href":"https:\/\/api.w.org\/{rel}","templated":true}]}}