{"id":5244,"date":"2022-11-10T15:49:17","date_gmt":"2022-11-10T14:49:17","guid":{"rendered":"https:\/\/agora.xtec.cat\/ceip-antoni-gaudi\/?p=5244"},"modified":"2022-11-10T15:49:17","modified_gmt":"2022-11-10T14:49:17","slug":"sortida-al-cai","status":"publish","type":"post","link":"https:\/\/agora.xtec.cat\/ceip-antoni-gaudi\/general\/sortida-al-cai\/","title":{"rendered":"Sortida al CAI"},"content":{"rendered":"<p>El passat dimecres 9 de Novembre, l&#8217;alumnat de 4rt de l&#8217;escola vam anar caminant a l&#8217;estadi Municipal d&#8217;Igualada per tal de realitzar jornades atl\u00e8tiques.<\/p>\n<p>All\u00e0 vam poder gaudir d&#8217;unes activitats d&#8217;atletisme que hem anat treballant a l&#8217;\u00e0rea d&#8217;educaci\u00f3 f\u00edsica com s\u00f3n els relleus, el salt d&#8217;al\u00e7ada, el salt de llargada, el llan\u00e7ament de pes i les tanques, en les pistes d&#8217;atletisme.<\/p>\n<p>Ens vam dividir en petits grups per tal de fer les diferents activitats al llarg de tot el mat\u00ed, i ens ho vam passar d&#8217;all\u00f2 m\u00e9s b\u00e9.<\/p>\n<p><a href=\"https:\/\/photos.app.goo.gl\/gxDUhzagUsCVwY6V8\"><img loading=\"lazy\" decoding=\"async\" class=\"alignnone size-medium wp-image-5254\" src=\"https:\/\/agora.xtec.cat\/ceip-antoni-gaudi\/wp-content\/uploads\/usu683\/2022\/11\/IMG-11681-300x192.jpg\" alt=\"\" width=\"300\" height=\"192\" srcset=\"https:\/\/agora.xtec.cat\/ceip-antoni-gaudi\/wp-content\/uploads\/usu683\/2022\/11\/IMG-11681-300x192.jpg 300w, https:\/\/agora.xtec.cat\/ceip-antoni-gaudi\/wp-content\/uploads\/usu683\/2022\/11\/IMG-11681-1024x655.jpg 1024w, https:\/\/agora.xtec.cat\/ceip-antoni-gaudi\/wp-content\/uploads\/usu683\/2022\/11\/IMG-11681-768x492.jpg 768w, https:\/\/agora.xtec.cat\/ceip-antoni-gaudi\/wp-content\/uploads\/usu683\/2022\/11\/IMG-11681-1536x983.jpg 1536w, https:\/\/agora.xtec.cat\/ceip-antoni-gaudi\/wp-content\/uploads\/usu683\/2022\/11\/IMG-11681-2048x1311.jpg 2048w\" sizes=\"auto, (max-width: 300px) 100vw, 300px\" \/><\/a><\/p>\n<p>Cliqueu la imatge per veure m\u00e9s fotografies.<\/p>\n","protected":false},"excerpt":{"rendered":"<p>El passat dimecres 9 de Novembre, l&#8217;alumnat de 4rt de l&#8217;escola vam anar caminant a l&#8217;estadi Municipal d&#8217;Igualada per tal de realitzar jornades atl\u00e8tiques.<br \/>\nAll\u00e0 vam poder gaudir d&#8217;unes activitats d&#8217;atletisme que hem anat treballant a l&#8217;\u00e0rea d&#8217;educaci\u00f3 f\u00edsica com s\u00f3n els relleus, el salt d&#8217;al\u00e7ada,&hellip;  <a href=\"https:\/\/agora.xtec.cat\/ceip-antoni-gaudi\/general\/sortida-al-cai\/\" title=\"Read Sortida al CAI\">Llegeix m\u00e9s\u00bb<\/a><\/p>\n","protected":false},"author":5,"featured_media":0,"comment_status":"open","ping_status":"closed","sticky":false,"template":"","format":"standard","meta":{"_bbp_topic_count":0,"_bbp_reply_count":0,"_bbp_total_topic_count":0,"_bbp_total_reply_count":0,"_bbp_voice_count":0,"_bbp_anonymous_reply_count":0,"_bbp_topic_count_hidden":0,"_bbp_reply_count_hidden":0,"_bbp_forum_subforum_count":0,"footnotes":""},"categories":[1,13,4,229,5],"tags":[],"class_list":["post-5244","post","type-post","status-publish","format-standard","hentry","category-general","category-p4","category-portada","category-portada-portada","category-primaria"],"post_mailing_queue_ids":[],"_links":{"self":[{"href":"https:\/\/agora.xtec.cat\/ceip-antoni-gaudi\/wp-json\/wp\/v2\/posts\/5244","targetHints":{"allow":["GET"]}}],"collection":[{"href":"https:\/\/agora.xtec.cat\/ceip-antoni-gaudi\/wp-json\/wp\/v2\/posts"}],"about":[{"href":"https:\/\/agora.xtec.cat\/ceip-antoni-gaudi\/wp-json\/wp\/v2\/types\/post"}],"author":[{"embeddable":true,"href":"https:\/\/agora.xtec.cat\/ceip-antoni-gaudi\/wp-json\/wp\/v2\/users\/5"}],"replies":[{"embeddable":true,"href":"https:\/\/agora.xtec.cat\/ceip-antoni-gaudi\/wp-json\/wp\/v2\/comments?post=5244"}],"version-history":[{"count":3,"href":"https:\/\/agora.xtec.cat\/ceip-antoni-gaudi\/wp-json\/wp\/v2\/posts\/5244\/revisions"}],"predecessor-version":[{"id":5255,"href":"https:\/\/agora.xtec.cat\/ceip-antoni-gaudi\/wp-json\/wp\/v2\/posts\/5244\/revisions\/5255"}],"wp:attachment":[{"href":"https:\/\/agora.xtec.cat\/ceip-antoni-gaudi\/wp-json\/wp\/v2\/media?parent=5244"}],"wp:term":[{"taxonomy":"category","embeddable":true,"href":"https:\/\/agora.xtec.cat\/ceip-antoni-gaudi\/wp-json\/wp\/v2\/categories?post=5244"},{"taxonomy":"post_tag","embeddable":true,"href":"https:\/\/agora.xtec.cat\/ceip-antoni-gaudi\/wp-json\/wp\/v2\/tags?post=5244"}],"curies":[{"name":"wp","href":"https:\/\/api.w.org\/{rel}","templated":true}]}}