{"id":5238,"date":"2022-11-10T16:18:01","date_gmt":"2022-11-10T15:18:01","guid":{"rendered":"https:\/\/agora.xtec.cat\/ceip-antoni-gaudi\/?p=5238"},"modified":"2022-11-10T16:18:37","modified_gmt":"2022-11-10T15:18:37","slug":"anem-al-lab-06-de-manresa","status":"publish","type":"post","link":"https:\/\/agora.xtec.cat\/ceip-antoni-gaudi\/general\/anem-al-lab-06-de-manresa\/","title":{"rendered":"Anem al LAB-06 de Manresa!"},"content":{"rendered":"<p style=\"text-align: justify;\">Aquest dimarts els nens i nenes d&#8217;infantil hem anat al <strong>LAB 0_6<\/strong> de Manresa i ens ho hem passat d&#8217;all\u00f2 m\u00e9s b\u00e9! Hem observat els minerals, f\u00f2ssils i ossos amb \ud83d\udd0e i en radiografies, hem apr\u00e8s tot jugant amb miralls, \u2696 i \ud83c\udfbe\ud83c\udfb1\u26be de diferents tipus, hem experimentat ratllant i tallant\ud83d\udd2a diferents menjars \ud83c\udf45\ud83c\udf4a\ud83c\udf3f\ud83c\udf36\ud83c\udf47 i hem jugat amb llanternes de colors.<\/p>\n<p style=\"text-align: justify;\">Si cliqueu a la fotografia \ud83d\udcf8 veureu m\u00e9s imatges.<\/p>\n<p><a href=\"https:\/\/photos.app.goo.gl\/VZVWR54tge54UZhx6\"><img loading=\"lazy\" decoding=\"async\" class=\"aligncenter size-medium wp-image-5241\" src=\"https:\/\/agora.xtec.cat\/ceip-antoni-gaudi\/wp-content\/uploads\/usu683\/2022\/11\/1667903600170-300x225.jpg\" alt=\"\" width=\"300\" height=\"225\" srcset=\"https:\/\/agora.xtec.cat\/ceip-antoni-gaudi\/wp-content\/uploads\/usu683\/2022\/11\/1667903600170-300x225.jpg 300w, https:\/\/agora.xtec.cat\/ceip-antoni-gaudi\/wp-content\/uploads\/usu683\/2022\/11\/1667903600170-1024x768.jpg 1024w, https:\/\/agora.xtec.cat\/ceip-antoni-gaudi\/wp-content\/uploads\/usu683\/2022\/11\/1667903600170-768x576.jpg 768w, https:\/\/agora.xtec.cat\/ceip-antoni-gaudi\/wp-content\/uploads\/usu683\/2022\/11\/1667903600170-1536x1152.jpg 1536w, https:\/\/agora.xtec.cat\/ceip-antoni-gaudi\/wp-content\/uploads\/usu683\/2022\/11\/1667903600170-200x150.jpg 200w, https:\/\/agora.xtec.cat\/ceip-antoni-gaudi\/wp-content\/uploads\/usu683\/2022\/11\/1667903600170.jpg 2048w\" sizes=\"auto, (max-width: 300px) 100vw, 300px\" \/><\/a><\/p>\n","protected":false},"excerpt":{"rendered":"<p>Aquest dimarts els nens i nenes d&#8217;infantil hem anat al LAB 0_6 de Manresa i ens ho hem passat d&#8217;all\u00f2 m\u00e9s b\u00e9! Hem observat els minerals, f\u00f2ssils i ossos amb \ud83d\udd0e i en radiografies, hem apr\u00e8s tot jugant amb miralls, \u2696 i \ud83c\udfbe\ud83c\udfb1\u26be de diferents&hellip;  <a href=\"https:\/\/agora.xtec.cat\/ceip-antoni-gaudi\/general\/anem-al-lab-06-de-manresa\/\" title=\"Read Anem al LAB-06 de Manresa!\">Llegeix m\u00e9s\u00bb<\/a><\/p>\n","protected":false},"author":6,"featured_media":0,"comment_status":"open","ping_status":"closed","sticky":false,"template":"","format":"standard","meta":{"_bbp_topic_count":0,"_bbp_reply_count":0,"_bbp_total_topic_count":0,"_bbp_total_reply_count":0,"_bbp_voice_count":0,"_bbp_anonymous_reply_count":0,"_bbp_topic_count_hidden":0,"_bbp_reply_count_hidden":0,"_bbp_forum_subforum_count":0,"footnotes":""},"categories":[1,3,8,9,2,4],"tags":[],"class_list":["post-5238","post","type-post","status-publish","format-standard","hentry","category-general","category-i3","category-i4","category-i5","category-infantil","category-portada"],"post_mailing_queue_ids":[],"_links":{"self":[{"href":"https:\/\/agora.xtec.cat\/ceip-antoni-gaudi\/wp-json\/wp\/v2\/posts\/5238","targetHints":{"allow":["GET"]}}],"collection":[{"href":"https:\/\/agora.xtec.cat\/ceip-antoni-gaudi\/wp-json\/wp\/v2\/posts"}],"about":[{"href":"https:\/\/agora.xtec.cat\/ceip-antoni-gaudi\/wp-json\/wp\/v2\/types\/post"}],"author":[{"embeddable":true,"href":"https:\/\/agora.xtec.cat\/ceip-antoni-gaudi\/wp-json\/wp\/v2\/users\/6"}],"replies":[{"embeddable":true,"href":"https:\/\/agora.xtec.cat\/ceip-antoni-gaudi\/wp-json\/wp\/v2\/comments?post=5238"}],"version-history":[{"count":3,"href":"https:\/\/agora.xtec.cat\/ceip-antoni-gaudi\/wp-json\/wp\/v2\/posts\/5238\/revisions"}],"predecessor-version":[{"id":5243,"href":"https:\/\/agora.xtec.cat\/ceip-antoni-gaudi\/wp-json\/wp\/v2\/posts\/5238\/revisions\/5243"}],"wp:attachment":[{"href":"https:\/\/agora.xtec.cat\/ceip-antoni-gaudi\/wp-json\/wp\/v2\/media?parent=5238"}],"wp:term":[{"taxonomy":"category","embeddable":true,"href":"https:\/\/agora.xtec.cat\/ceip-antoni-gaudi\/wp-json\/wp\/v2\/categories?post=5238"},{"taxonomy":"post_tag","embeddable":true,"href":"https:\/\/agora.xtec.cat\/ceip-antoni-gaudi\/wp-json\/wp\/v2\/tags?post=5238"}],"curies":[{"name":"wp","href":"https:\/\/api.w.org\/{rel}","templated":true}]}}