{"id":5231,"date":"2022-11-03T13:51:13","date_gmt":"2022-11-03T12:51:13","guid":{"rendered":"https:\/\/agora.xtec.cat\/ceip-antoni-gaudi\/?p=5231"},"modified":"2022-11-03T19:59:39","modified_gmt":"2022-11-03T18:59:39","slug":"coneixem-eines-de-la-prehistoria","status":"publish","type":"post","link":"https:\/\/agora.xtec.cat\/ceip-antoni-gaudi\/general\/coneixem-eines-de-la-prehistoria\/","title":{"rendered":"Coneixem eines de la prehist\u00f2ria !"},"content":{"rendered":"<p style=\"text-align: justify;\">Durant les darreres setmanes l&#8217;alumnat de 5\u00e8 ha estat treballant la prehist\u00f2ria. S&#8217;ha dut a terme un projecte per con\u00e8ixer aquesta etapa tan llunyana a ells.<br \/>\nHan treballat amb els chromebooks per fer una recerca sobre com vivien en aquest per\u00edode.<\/p>\n<p>Un alumne va portar eines vertaderes que feien servir a la prehist\u00f2ria, aix\u00ed van gaudir de con\u00e8ixer de m\u00e9s a prop la realitat del passat.<\/p>\n<p><a href=\"https:\/\/photos.app.goo.gl\/oC3Hd4JPM8VAySur8\"><img loading=\"lazy\" decoding=\"async\" class=\"alignnone size-medium wp-image-5233\" src=\"https:\/\/agora.xtec.cat\/ceip-antoni-gaudi\/wp-content\/uploads\/usu683\/2022\/11\/IMG_20221026_102142-300x224.jpg\" alt=\"\" width=\"300\" height=\"224\" srcset=\"https:\/\/agora.xtec.cat\/ceip-antoni-gaudi\/wp-content\/uploads\/usu683\/2022\/11\/IMG_20221026_102142-300x224.jpg 300w, https:\/\/agora.xtec.cat\/ceip-antoni-gaudi\/wp-content\/uploads\/usu683\/2022\/11\/IMG_20221026_102142-1024x766.jpg 1024w, https:\/\/agora.xtec.cat\/ceip-antoni-gaudi\/wp-content\/uploads\/usu683\/2022\/11\/IMG_20221026_102142-768x575.jpg 768w, https:\/\/agora.xtec.cat\/ceip-antoni-gaudi\/wp-content\/uploads\/usu683\/2022\/11\/IMG_20221026_102142-1536x1149.jpg 1536w, https:\/\/agora.xtec.cat\/ceip-antoni-gaudi\/wp-content\/uploads\/usu683\/2022\/11\/IMG_20221026_102142-2048x1532.jpg 2048w, https:\/\/agora.xtec.cat\/ceip-antoni-gaudi\/wp-content\/uploads\/usu683\/2022\/11\/IMG_20221026_102142-200x150.jpg 200w\" sizes=\"auto, (max-width: 300px) 100vw, 300px\" \/><\/a><\/p>\n","protected":false},"excerpt":{"rendered":"<p>Durant les darreres setmanes l&#8217;alumnat de 5\u00e8 ha estat treballant la prehist\u00f2ria. S&#8217;ha dut a terme un projecte per con\u00e8ixer aquesta etapa tan llunyana a ells.<br \/>\nHan treballat amb els chromebooks per fer una recerca sobre com vivien en aquest per\u00edode.<br \/>\nUn alumne va portar eines vertaderes&hellip;  <a href=\"https:\/\/agora.xtec.cat\/ceip-antoni-gaudi\/general\/coneixem-eines-de-la-prehistoria\/\" title=\"Read Coneixem eines de la prehist\u00f2ria !\">Llegeix m\u00e9s\u00bb<\/a><\/p>\n","protected":false},"author":5,"featured_media":5233,"comment_status":"open","ping_status":"closed","sticky":false,"template":"","format":"standard","meta":{"_bbp_topic_count":0,"_bbp_reply_count":0,"_bbp_total_topic_count":0,"_bbp_total_reply_count":0,"_bbp_voice_count":0,"_bbp_anonymous_reply_count":0,"_bbp_topic_count_hidden":0,"_bbp_reply_count_hidden":0,"_bbp_forum_subforum_count":0,"footnotes":""},"categories":[1,14,4,229,5],"tags":[],"class_list":["post-5231","post","type-post","status-publish","format-standard","has-post-thumbnail","hentry","category-general","category-p5","category-portada","category-portada-portada","category-primaria"],"post_mailing_queue_ids":[],"_links":{"self":[{"href":"https:\/\/agora.xtec.cat\/ceip-antoni-gaudi\/wp-json\/wp\/v2\/posts\/5231","targetHints":{"allow":["GET"]}}],"collection":[{"href":"https:\/\/agora.xtec.cat\/ceip-antoni-gaudi\/wp-json\/wp\/v2\/posts"}],"about":[{"href":"https:\/\/agora.xtec.cat\/ceip-antoni-gaudi\/wp-json\/wp\/v2\/types\/post"}],"author":[{"embeddable":true,"href":"https:\/\/agora.xtec.cat\/ceip-antoni-gaudi\/wp-json\/wp\/v2\/users\/5"}],"replies":[{"embeddable":true,"href":"https:\/\/agora.xtec.cat\/ceip-antoni-gaudi\/wp-json\/wp\/v2\/comments?post=5231"}],"version-history":[{"count":2,"href":"https:\/\/agora.xtec.cat\/ceip-antoni-gaudi\/wp-json\/wp\/v2\/posts\/5231\/revisions"}],"predecessor-version":[{"id":5237,"href":"https:\/\/agora.xtec.cat\/ceip-antoni-gaudi\/wp-json\/wp\/v2\/posts\/5231\/revisions\/5237"}],"wp:featuredmedia":[{"embeddable":true,"href":"https:\/\/agora.xtec.cat\/ceip-antoni-gaudi\/wp-json\/wp\/v2\/media\/5233"}],"wp:attachment":[{"href":"https:\/\/agora.xtec.cat\/ceip-antoni-gaudi\/wp-json\/wp\/v2\/media?parent=5231"}],"wp:term":[{"taxonomy":"category","embeddable":true,"href":"https:\/\/agora.xtec.cat\/ceip-antoni-gaudi\/wp-json\/wp\/v2\/categories?post=5231"},{"taxonomy":"post_tag","embeddable":true,"href":"https:\/\/agora.xtec.cat\/ceip-antoni-gaudi\/wp-json\/wp\/v2\/tags?post=5231"}],"curies":[{"name":"wp","href":"https:\/\/api.w.org\/{rel}","templated":true}]}}