{"id":5216,"date":"2022-10-29T14:25:01","date_gmt":"2022-10-29T12:25:01","guid":{"rendered":"https:\/\/agora.xtec.cat\/ceip-antoni-gaudi\/?p=5216"},"modified":"2022-10-29T14:29:19","modified_gmt":"2022-10-29T12:29:19","slug":"els-mitjans-celebrem-la-castanyada","status":"publish","type":"post","link":"https:\/\/agora.xtec.cat\/ceip-antoni-gaudi\/general\/els-mitjans-celebrem-la-castanyada\/","title":{"rendered":"Els Mitjans Celebrem la Castanyada"},"content":{"rendered":"<p>Aquest divendres els\/les alumn@s de 1r, 2n i 3r hem celebrat la castanyada tots plegats. Vam realitzar cinc grups barrejant-nos i vam realitzar 5 tallers\/activitats relacionades amb aquesta festa i amb Halloween. Volem agrair als\/les alumn@s de 6\u00e8 l&#8217;ajuda que ens van oferir. Despr\u00e9s vam anar a veure la castanyera que ens va explicar una hist\u00f2ria ben m\u00e0gica. A \u00faltima hora del mat\u00ed vam seure en rotllana al pati i els castanyers\/es de 6\u00e8 ens van repartir les castanyes.<\/p>\n<p>A la tarda vam fer un cinema amb 5 sales i cadasc\u00fa va escollir una pel\u00edcul\u00b7la per veure.<\/p>\n<p>Va estar un dia genial!!<\/p>\n<p><a href=\"https:\/\/photos.app.goo.gl\/MPVBognbj6Qp7SNPA\" target=\"_blank\" rel=\"noopener\"><img loading=\"lazy\" decoding=\"async\" class=\"aligncenter wp-image-5220 size-full\" src=\"https:\/\/agora.xtec.cat\/ceip-antoni-gaudi\/wp-content\/uploads\/usu683\/2022\/10\/IMG-20221028-WA0061.jpg\" alt=\"\" width=\"2048\" height=\"943\" srcset=\"https:\/\/agora.xtec.cat\/ceip-antoni-gaudi\/wp-content\/uploads\/usu683\/2022\/10\/IMG-20221028-WA0061.jpg 2048w, https:\/\/agora.xtec.cat\/ceip-antoni-gaudi\/wp-content\/uploads\/usu683\/2022\/10\/IMG-20221028-WA0061-300x138.jpg 300w, https:\/\/agora.xtec.cat\/ceip-antoni-gaudi\/wp-content\/uploads\/usu683\/2022\/10\/IMG-20221028-WA0061-1024x472.jpg 1024w, https:\/\/agora.xtec.cat\/ceip-antoni-gaudi\/wp-content\/uploads\/usu683\/2022\/10\/IMG-20221028-WA0061-768x354.jpg 768w, https:\/\/agora.xtec.cat\/ceip-antoni-gaudi\/wp-content\/uploads\/usu683\/2022\/10\/IMG-20221028-WA0061-1536x707.jpg 1536w\" sizes=\"auto, (max-width: 2048px) 100vw, 2048px\" \/><\/a><\/p>\n","protected":false},"excerpt":{"rendered":"<p>Aquest divendres els\/les alumn@s de 1r, 2n i 3r hem celebrat la castanyada tots plegats. Vam realitzar cinc grups barrejant-nos i vam realitzar 5 tallers\/activitats relacionades amb aquesta festa i amb Halloween. Volem agrair als\/les alumn@s de 6\u00e8 l&#8217;ajuda que ens van oferir. Despr\u00e9s vam&hellip;  <a href=\"https:\/\/agora.xtec.cat\/ceip-antoni-gaudi\/general\/els-mitjans-celebrem-la-castanyada\/\" title=\"Read Els Mitjans Celebrem la Castanyada\">Llegeix m\u00e9s\u00bb<\/a><\/p>\n","protected":false},"author":4,"featured_media":0,"comment_status":"open","ping_status":"closed","sticky":false,"template":"","format":"standard","meta":{"_bbp_topic_count":0,"_bbp_reply_count":0,"_bbp_total_topic_count":0,"_bbp_total_reply_count":0,"_bbp_voice_count":0,"_bbp_anonymous_reply_count":0,"_bbp_topic_count_hidden":0,"_bbp_reply_count_hidden":0,"_bbp_forum_subforum_count":0,"footnotes":""},"categories":[1,10,11,12,4,5],"tags":[],"class_list":["post-5216","post","type-post","status-publish","format-standard","hentry","category-general","category-p1","category-p2","category-p3","category-portada","category-primaria"],"post_mailing_queue_ids":[],"_links":{"self":[{"href":"https:\/\/agora.xtec.cat\/ceip-antoni-gaudi\/wp-json\/wp\/v2\/posts\/5216","targetHints":{"allow":["GET"]}}],"collection":[{"href":"https:\/\/agora.xtec.cat\/ceip-antoni-gaudi\/wp-json\/wp\/v2\/posts"}],"about":[{"href":"https:\/\/agora.xtec.cat\/ceip-antoni-gaudi\/wp-json\/wp\/v2\/types\/post"}],"author":[{"embeddable":true,"href":"https:\/\/agora.xtec.cat\/ceip-antoni-gaudi\/wp-json\/wp\/v2\/users\/4"}],"replies":[{"embeddable":true,"href":"https:\/\/agora.xtec.cat\/ceip-antoni-gaudi\/wp-json\/wp\/v2\/comments?post=5216"}],"version-history":[{"count":3,"href":"https:\/\/agora.xtec.cat\/ceip-antoni-gaudi\/wp-json\/wp\/v2\/posts\/5216\/revisions"}],"predecessor-version":[{"id":5222,"href":"https:\/\/agora.xtec.cat\/ceip-antoni-gaudi\/wp-json\/wp\/v2\/posts\/5216\/revisions\/5222"}],"wp:attachment":[{"href":"https:\/\/agora.xtec.cat\/ceip-antoni-gaudi\/wp-json\/wp\/v2\/media?parent=5216"}],"wp:term":[{"taxonomy":"category","embeddable":true,"href":"https:\/\/agora.xtec.cat\/ceip-antoni-gaudi\/wp-json\/wp\/v2\/categories?post=5216"},{"taxonomy":"post_tag","embeddable":true,"href":"https:\/\/agora.xtec.cat\/ceip-antoni-gaudi\/wp-json\/wp\/v2\/tags?post=5216"}],"curies":[{"name":"wp","href":"https:\/\/api.w.org\/{rel}","templated":true}]}}