{"id":5189,"date":"2022-10-28T11:04:35","date_gmt":"2022-10-28T09:04:35","guid":{"rendered":"https:\/\/agora.xtec.cat\/ceip-antoni-gaudi\/?p=5189"},"modified":"2022-10-28T11:04:35","modified_gmt":"2022-10-28T09:04:35","slug":"celebrem-la-castanyada-a-educacio-infantil","status":"publish","type":"post","link":"https:\/\/agora.xtec.cat\/ceip-antoni-gaudi\/general\/celebrem-la-castanyada-a-educacio-infantil\/","title":{"rendered":"CELEBREM LA CASTANYADA A EDUCACI\u00d3 INFANTIL!"},"content":{"rendered":"<p style=\"text-align: justify;\">Durant tota la setmana els nens i nenes d&#8217;educaci\u00f3 infantil hem anat realitzant activitats relacionades amb la festa de la <span style=\"color: #800000;\"><strong>CASTANYADA<\/strong><\/span>. Ha arribat a l&#8217;escola <span style=\"color: #800000;\"><strong>la Castanyera<\/strong><\/span> \ud83c\udf30\ud83c\udf30\ud83c\udf30, hem fet un <span style=\"color: #7a1b04;\"><strong><span style=\"color: #bf2600;\">tastet <\/span><\/strong><span style=\"color: #bf2600;\"><span style=\"color: #000000;\">de \ud83c\udf4e\ud83c\udf4a\ud83c\udf47 <\/span><\/span><\/span>de la tardor, hem anat a comprar els ingredients per fer <span style=\"color: #b8693e;\"><strong>panellets\ud83c\udf6a\ud83c\udf6a<\/strong><\/span> a la botiga de la Castanyera, hem fet <strong><span style=\"color: #b8693e;\">panellets\ud83c\udf6a\ud83c\udf6a<\/span><\/strong>, hem <strong><span style=\"color: #993300;\">cantat<\/span><\/strong> i <span style=\"color: #993300;\"><strong>ballat can\u00e7ons<\/strong><\/span>\ud83c\udfa4\ud83c\udfbc, entre altres propostes. Per\u00f2&#8230; el que m\u00e9s ens ha agradat ha sigut la representaci\u00f3 del conte de <span style=\"color: #d9145f;\">&#8220;<strong>La Maria la Castanyera&#8221;<\/strong><\/span>! Molt\u00edssimes gr\u00e0cies, <span style=\"color: #800080;\"><strong>Manoli<\/strong><\/span>\ud83d\udc9c!<\/p>\n<p>Cliqueu la imatge de la Castanyera i veureu totes les fotos!!!!<a href=\"https:\/\/photos.app.goo.gl\/biBHd1VRmM6hSLMB7\"><img loading=\"lazy\" decoding=\"async\" class=\"aligncenter size-medium wp-image-5192\" src=\"https:\/\/agora.xtec.cat\/ceip-antoni-gaudi\/wp-content\/uploads\/usu683\/2022\/10\/Captura-de-pantalla-2022-10-27-170433-230x300.jpg\" alt=\"\" width=\"230\" height=\"300\" srcset=\"https:\/\/agora.xtec.cat\/ceip-antoni-gaudi\/wp-content\/uploads\/usu683\/2022\/10\/Captura-de-pantalla-2022-10-27-170433-230x300.jpg 230w, https:\/\/agora.xtec.cat\/ceip-antoni-gaudi\/wp-content\/uploads\/usu683\/2022\/10\/Captura-de-pantalla-2022-10-27-170433.jpg 373w\" sizes=\"auto, (max-width: 230px) 100vw, 230px\" \/><\/a><\/p>\n<p><a href=\"https:\/\/agora.xtec.cat\/ceip-antoni-gaudi\/wp-content\/uploads\/usu683\/2022\/10\/Captura-de-pantalla-2022-10-27-170433.jpg\"><span style=\"color: #c94706;\"><strong>MOLT BONA CASTANYADA FAM\u00cdLIES!\ud83c\udf30\ud83c\udf8a\ud83d\ude0a<\/strong><\/span><\/a><\/p>\n","protected":false},"excerpt":{"rendered":"<p>Durant tota la setmana els nens i nenes d&#8217;educaci\u00f3 infantil hem anat realitzant activitats relacionades amb la festa de la CASTANYADA. Ha arribat a l&#8217;escola la Castanyera \ud83c\udf30\ud83c\udf30\ud83c\udf30, hem fet un tastet de \ud83c\udf4e\ud83c\udf4a\ud83c\udf47 de la tardor, hem anat a comprar els ingredients per fer&hellip;  <a href=\"https:\/\/agora.xtec.cat\/ceip-antoni-gaudi\/general\/celebrem-la-castanyada-a-educacio-infantil\/\" title=\"Read CELEBREM LA CASTANYADA A EDUCACI\u00d3 INFANTIL!\">Llegeix m\u00e9s\u00bb<\/a><\/p>\n","protected":false},"author":6,"featured_media":0,"comment_status":"open","ping_status":"closed","sticky":false,"template":"","format":"standard","meta":{"_bbp_topic_count":0,"_bbp_reply_count":0,"_bbp_total_topic_count":0,"_bbp_total_reply_count":0,"_bbp_voice_count":0,"_bbp_anonymous_reply_count":0,"_bbp_topic_count_hidden":0,"_bbp_reply_count_hidden":0,"_bbp_forum_subforum_count":0,"footnotes":""},"categories":[1,3,8,9,2,4,229],"tags":[],"class_list":["post-5189","post","type-post","status-publish","format-standard","hentry","category-general","category-i3","category-i4","category-i5","category-infantil","category-portada","category-portada-portada"],"post_mailing_queue_ids":[],"_links":{"self":[{"href":"https:\/\/agora.xtec.cat\/ceip-antoni-gaudi\/wp-json\/wp\/v2\/posts\/5189","targetHints":{"allow":["GET"]}}],"collection":[{"href":"https:\/\/agora.xtec.cat\/ceip-antoni-gaudi\/wp-json\/wp\/v2\/posts"}],"about":[{"href":"https:\/\/agora.xtec.cat\/ceip-antoni-gaudi\/wp-json\/wp\/v2\/types\/post"}],"author":[{"embeddable":true,"href":"https:\/\/agora.xtec.cat\/ceip-antoni-gaudi\/wp-json\/wp\/v2\/users\/6"}],"replies":[{"embeddable":true,"href":"https:\/\/agora.xtec.cat\/ceip-antoni-gaudi\/wp-json\/wp\/v2\/comments?post=5189"}],"version-history":[{"count":3,"href":"https:\/\/agora.xtec.cat\/ceip-antoni-gaudi\/wp-json\/wp\/v2\/posts\/5189\/revisions"}],"predecessor-version":[{"id":5199,"href":"https:\/\/agora.xtec.cat\/ceip-antoni-gaudi\/wp-json\/wp\/v2\/posts\/5189\/revisions\/5199"}],"wp:attachment":[{"href":"https:\/\/agora.xtec.cat\/ceip-antoni-gaudi\/wp-json\/wp\/v2\/media?parent=5189"}],"wp:term":[{"taxonomy":"category","embeddable":true,"href":"https:\/\/agora.xtec.cat\/ceip-antoni-gaudi\/wp-json\/wp\/v2\/categories?post=5189"},{"taxonomy":"post_tag","embeddable":true,"href":"https:\/\/agora.xtec.cat\/ceip-antoni-gaudi\/wp-json\/wp\/v2\/tags?post=5189"}],"curies":[{"name":"wp","href":"https:\/\/api.w.org\/{rel}","templated":true}]}}