{"id":5163,"date":"2022-10-20T16:53:01","date_gmt":"2022-10-20T14:53:01","guid":{"rendered":"https:\/\/agora.xtec.cat\/ceip-antoni-gaudi\/?p=5163"},"modified":"2022-10-20T16:53:01","modified_gmt":"2022-10-20T14:53:01","slug":"projecte-porta-a-porta","status":"publish","type":"post","link":"https:\/\/agora.xtec.cat\/ceip-antoni-gaudi\/general\/projecte-porta-a-porta\/","title":{"rendered":"PROJECTE PORTA A PORTA"},"content":{"rendered":"<p>Els alumnes de 3er i 5\u00e8 han iniciat aquesta setmana el projecte PORTA A PORTA. \u00c9s un projecte que es dur\u00e0 a terme durant tot l&#8217;any, amb la finalitat de conscienciar a l&#8217;alumnat de la import\u00e0ncia del reciclatge.<\/p>\n<p>Tota l&#8217;escola participa d&#8217;aquest projecte reciclant, per\u00f2 els alumnes de 3er i 5\u00e8 s&#8217;encarreguen de recollir cada dia la paperera que toca, i mirar si els companys han fet b\u00e9 la classificaci\u00f3.<\/p>\n<p>&nbsp;<\/p>\n<p>Cliqueu per veure m\u00e9s imatges.\ud83d\udcf8<\/p>\n<p><a href=\"https:\/\/photos.app.goo.gl\/Et5qrqCZ9vntUm8f6\"><img loading=\"lazy\" decoding=\"async\" class=\"\" src=\"https:\/\/agora.xtec.cat\/ceip-antoni-gaudi\/wp-content\/uploads\/usu683\/2022\/10\/IMG_20221020_125831-scaled.jpg\" width=\"191\" height=\"143\" \/><\/a><\/p>\n","protected":false},"excerpt":{"rendered":"<p>Els alumnes de 3er i 5\u00e8 han iniciat aquesta setmana el projecte PORTA A PORTA. \u00c9s un projecte que es dur\u00e0 a terme durant tot l&#8217;any, amb la finalitat de conscienciar a l&#8217;alumnat de la import\u00e0ncia del reciclatge.<br \/>\nTota l&#8217;escola participa d&#8217;aquest projecte reciclant, per\u00f2 els&hellip;  <a href=\"https:\/\/agora.xtec.cat\/ceip-antoni-gaudi\/general\/projecte-porta-a-porta\/\" title=\"Read PROJECTE PORTA A PORTA\">Llegeix m\u00e9s\u00bb<\/a><\/p>\n","protected":false},"author":5,"featured_media":5164,"comment_status":"open","ping_status":"closed","sticky":false,"template":"","format":"standard","meta":{"_bbp_topic_count":0,"_bbp_reply_count":0,"_bbp_total_topic_count":0,"_bbp_total_reply_count":0,"_bbp_voice_count":0,"_bbp_anonymous_reply_count":0,"_bbp_topic_count_hidden":0,"_bbp_reply_count_hidden":0,"_bbp_forum_subforum_count":0,"footnotes":""},"categories":[1,14,4,229,5],"tags":[],"class_list":["post-5163","post","type-post","status-publish","format-standard","has-post-thumbnail","hentry","category-general","category-p5","category-portada","category-portada-portada","category-primaria"],"post_mailing_queue_ids":[],"_links":{"self":[{"href":"https:\/\/agora.xtec.cat\/ceip-antoni-gaudi\/wp-json\/wp\/v2\/posts\/5163","targetHints":{"allow":["GET"]}}],"collection":[{"href":"https:\/\/agora.xtec.cat\/ceip-antoni-gaudi\/wp-json\/wp\/v2\/posts"}],"about":[{"href":"https:\/\/agora.xtec.cat\/ceip-antoni-gaudi\/wp-json\/wp\/v2\/types\/post"}],"author":[{"embeddable":true,"href":"https:\/\/agora.xtec.cat\/ceip-antoni-gaudi\/wp-json\/wp\/v2\/users\/5"}],"replies":[{"embeddable":true,"href":"https:\/\/agora.xtec.cat\/ceip-antoni-gaudi\/wp-json\/wp\/v2\/comments?post=5163"}],"version-history":[{"count":4,"href":"https:\/\/agora.xtec.cat\/ceip-antoni-gaudi\/wp-json\/wp\/v2\/posts\/5163\/revisions"}],"predecessor-version":[{"id":5175,"href":"https:\/\/agora.xtec.cat\/ceip-antoni-gaudi\/wp-json\/wp\/v2\/posts\/5163\/revisions\/5175"}],"wp:featuredmedia":[{"embeddable":true,"href":"https:\/\/agora.xtec.cat\/ceip-antoni-gaudi\/wp-json\/wp\/v2\/media\/5164"}],"wp:attachment":[{"href":"https:\/\/agora.xtec.cat\/ceip-antoni-gaudi\/wp-json\/wp\/v2\/media?parent=5163"}],"wp:term":[{"taxonomy":"category","embeddable":true,"href":"https:\/\/agora.xtec.cat\/ceip-antoni-gaudi\/wp-json\/wp\/v2\/categories?post=5163"},{"taxonomy":"post_tag","embeddable":true,"href":"https:\/\/agora.xtec.cat\/ceip-antoni-gaudi\/wp-json\/wp\/v2\/tags?post=5163"}],"curies":[{"name":"wp","href":"https:\/\/api.w.org\/{rel}","templated":true}]}}