{"id":5121,"date":"2022-10-17T11:25:47","date_gmt":"2022-10-17T09:25:47","guid":{"rendered":"https:\/\/agora.xtec.cat\/ceip-antoni-gaudi\/?p=5121"},"modified":"2022-10-18T11:54:54","modified_gmt":"2022-10-18T09:54:54","slug":"lhort-de-lescola","status":"publish","type":"post","link":"https:\/\/agora.xtec.cat\/ceip-antoni-gaudi\/general\/lhort-de-lescola\/","title":{"rendered":"L&#8217;HORT DE L&#8217;ESCOLA"},"content":{"rendered":"<p style=\"text-align: justify;\">Els nens i les nenes de 4rt, conjuntament amb els alumnes d&#8217; Educaci\u00f3 Infantil i de segon, duem a terme el projecte plantem vida, on cuidem l&#8217;HORT de l&#8217;escola.<\/p>\n<p style=\"text-align: justify;\">El passat divendres l&#8217;alumnat de 4rt juntament amb els de 2n de l&#8217;escola, vam anar a visitar el Sindicat de Pagesos d&#8217;Igualada, l&#8217; Agro Igualada Cooperativa, per tal de saber m\u00e9s coses sobre el planter ja que aquest any serem els encarregats de cuidar l&#8217;hort de l&#8217;escola.<\/p>\n<p>All\u00e0 ens van resoldre tots els nostres dubtes i a m\u00e9s, vam poder comentar un tema que ens tenia molt encuriosits, com son els cal\u00e7ots. \u00c9s per aix\u00f2 que ens van donar llavors de cebes per plantar a l&#8217;escola i fer un seguiment del seu creixement.<\/p>\n<p>La tarda del mateix divendres, ja vam poder fer la plantaci\u00f3 a l&#8217;hort de l&#8217;escola, ja que el dijous anterior vam marcar els bancals. Si cliqueu la imatge, podreu veure el nostre treball d&#8217;hort escolar.<\/p>\n<table style=\"border-collapse: collapse; width: 70.2684%;\">\n<tbody>\n<tr>\n<td style=\"width: 36.7295%; text-align: left;\"><span style=\"font-size: 16px;\">Clica la imatge per veure les fotos de 2n:<\/span><\/td>\n<td style=\"width: 36.3444%; text-align: left;\"><span style=\"font-size: 16px;\">Clica la imatge per veure les fotos de 4t:<\/span><\/td>\n<\/tr>\n<tr>\n<td style=\"width: 36.7295%; text-align: left;\"><a href=\"https:\/\/photos.app.goo.gl\/PAnpHVKYxQWGZ4WJ8\" target=\"_blank\" rel=\"noopener\"><img loading=\"lazy\" decoding=\"async\" class=\"wp-image-5134 alignleft\" src=\"https:\/\/agora.xtec.cat\/ceip-antoni-gaudi\/wp-content\/uploads\/usu683\/2022\/10\/WhatsApp-Image-2022-10-14-at-12.43.42-2.jpeg\" alt=\"\" width=\"298\" height=\"224\" srcset=\"https:\/\/agora.xtec.cat\/ceip-antoni-gaudi\/wp-content\/uploads\/usu683\/2022\/10\/WhatsApp-Image-2022-10-14-at-12.43.42-2.jpeg 2000w, https:\/\/agora.xtec.cat\/ceip-antoni-gaudi\/wp-content\/uploads\/usu683\/2022\/10\/WhatsApp-Image-2022-10-14-at-12.43.42-2-300x225.jpeg 300w, https:\/\/agora.xtec.cat\/ceip-antoni-gaudi\/wp-content\/uploads\/usu683\/2022\/10\/WhatsApp-Image-2022-10-14-at-12.43.42-2-1024x768.jpeg 1024w, https:\/\/agora.xtec.cat\/ceip-antoni-gaudi\/wp-content\/uploads\/usu683\/2022\/10\/WhatsApp-Image-2022-10-14-at-12.43.42-2-768x576.jpeg 768w, https:\/\/agora.xtec.cat\/ceip-antoni-gaudi\/wp-content\/uploads\/usu683\/2022\/10\/WhatsApp-Image-2022-10-14-at-12.43.42-2-1536x1152.jpeg 1536w, https:\/\/agora.xtec.cat\/ceip-antoni-gaudi\/wp-content\/uploads\/usu683\/2022\/10\/WhatsApp-Image-2022-10-14-at-12.43.42-2-200x150.jpeg 200w\" sizes=\"auto, (max-width: 298px) 100vw, 298px\" \/><\/a><\/td>\n<td style=\"width: 36.3444%; text-align: left;\"><a href=\"https:\/\/photos.app.goo.gl\/Tg6HFh5xULV4p5vT8\" target=\"_blank\" rel=\"noopener\"><img loading=\"lazy\" decoding=\"async\" class=\"alignnone wp-image-5122 \" src=\"https:\/\/agora.xtec.cat\/ceip-antoni-gaudi\/wp-content\/uploads\/usu683\/2022\/10\/hort-1-225x300.jpg\" alt=\"\" width=\"201\" height=\"268\" srcset=\"https:\/\/agora.xtec.cat\/ceip-antoni-gaudi\/wp-content\/uploads\/usu683\/2022\/10\/hort-1-225x300.jpg 225w, https:\/\/agora.xtec.cat\/ceip-antoni-gaudi\/wp-content\/uploads\/usu683\/2022\/10\/hort-1-768x1024.jpg 768w, https:\/\/agora.xtec.cat\/ceip-antoni-gaudi\/wp-content\/uploads\/usu683\/2022\/10\/hort-1-1152x1536.jpg 1152w, https:\/\/agora.xtec.cat\/ceip-antoni-gaudi\/wp-content\/uploads\/usu683\/2022\/10\/hort-1.jpg 1500w\" sizes=\"auto, (max-width: 201px) 100vw, 201px\" \/><\/a><\/td>\n<\/tr>\n<\/tbody>\n<\/table>\n<p>&nbsp;<\/p>\n<p>&nbsp;<\/p>\n<p>&nbsp;<\/p>\n<p>&nbsp;<\/p>\n<p>&nbsp;<\/p>\n<p>&nbsp;<\/p>\n<p>&nbsp;<\/p>\n<p>&nbsp;<\/p>\n<p>&nbsp;<\/p>\n","protected":false},"excerpt":{"rendered":"<p>Els nens i les nenes de 4rt, conjuntament amb els alumnes d&#8217; Educaci\u00f3 Infantil i de segon, duem a terme el projecte plantem vida, on cuidem l&#8217;HORT de l&#8217;escola.<br \/>\nEl passat divendres l&#8217;alumnat de 4rt juntament amb els de 2n de l&#8217;escola, vam anar a visitar&hellip;  <a href=\"https:\/\/agora.xtec.cat\/ceip-antoni-gaudi\/general\/lhort-de-lescola\/\" title=\"Read L&#8217;HORT DE L&#8217;ESCOLA\">Llegeix m\u00e9s\u00bb<\/a><\/p>\n","protected":false},"author":5,"featured_media":5122,"comment_status":"open","ping_status":"closed","sticky":false,"template":"","format":"standard","meta":{"_bbp_topic_count":0,"_bbp_reply_count":0,"_bbp_total_topic_count":0,"_bbp_total_reply_count":0,"_bbp_voice_count":0,"_bbp_anonymous_reply_count":0,"_bbp_topic_count_hidden":0,"_bbp_reply_count_hidden":0,"_bbp_forum_subforum_count":0,"footnotes":""},"categories":[1,11,13,4,229,5],"tags":[],"class_list":["post-5121","post","type-post","status-publish","format-standard","has-post-thumbnail","hentry","category-general","category-p2","category-p4","category-portada","category-portada-portada","category-primaria"],"post_mailing_queue_ids":[],"_links":{"self":[{"href":"https:\/\/agora.xtec.cat\/ceip-antoni-gaudi\/wp-json\/wp\/v2\/posts\/5121","targetHints":{"allow":["GET"]}}],"collection":[{"href":"https:\/\/agora.xtec.cat\/ceip-antoni-gaudi\/wp-json\/wp\/v2\/posts"}],"about":[{"href":"https:\/\/agora.xtec.cat\/ceip-antoni-gaudi\/wp-json\/wp\/v2\/types\/post"}],"author":[{"embeddable":true,"href":"https:\/\/agora.xtec.cat\/ceip-antoni-gaudi\/wp-json\/wp\/v2\/users\/5"}],"replies":[{"embeddable":true,"href":"https:\/\/agora.xtec.cat\/ceip-antoni-gaudi\/wp-json\/wp\/v2\/comments?post=5121"}],"version-history":[{"count":3,"href":"https:\/\/agora.xtec.cat\/ceip-antoni-gaudi\/wp-json\/wp\/v2\/posts\/5121\/revisions"}],"predecessor-version":[{"id":5139,"href":"https:\/\/agora.xtec.cat\/ceip-antoni-gaudi\/wp-json\/wp\/v2\/posts\/5121\/revisions\/5139"}],"wp:featuredmedia":[{"embeddable":true,"href":"https:\/\/agora.xtec.cat\/ceip-antoni-gaudi\/wp-json\/wp\/v2\/media\/5122"}],"wp:attachment":[{"href":"https:\/\/agora.xtec.cat\/ceip-antoni-gaudi\/wp-json\/wp\/v2\/media?parent=5121"}],"wp:term":[{"taxonomy":"category","embeddable":true,"href":"https:\/\/agora.xtec.cat\/ceip-antoni-gaudi\/wp-json\/wp\/v2\/categories?post=5121"},{"taxonomy":"post_tag","embeddable":true,"href":"https:\/\/agora.xtec.cat\/ceip-antoni-gaudi\/wp-json\/wp\/v2\/tags?post=5121"}],"curies":[{"name":"wp","href":"https:\/\/api.w.org\/{rel}","templated":true}]}}